{"id":59624,"date":"2016-06-27T16:32:13","date_gmt":"2016-06-27T19:32:13","guid":{"rendered":"http:\/\/prensa.mendoza.gov.ar\/?p=59624"},"modified":"2016-06-27T16:32:13","modified_gmt":"2016-06-27T19:32:13","slug":"continua-a-paso-firme-la-reestructuracion-de-alco","status":"publish","type":"post","link":"https:\/\/www.mendoza.gov.ar\/prensa\/continua-a-paso-firme-la-reestructuracion-de-alco\/","title":{"rendered":"Contin\u00faa a paso firme la reestructuraci\u00f3n de Alco"},"content":{"rendered":"<!DOCTYPE html PUBLIC \"-\/\/W3C\/\/DTD HTML 4.0 Transitional\/\/EN\" \"http:\/\/www.w3.org\/TR\/REC-html40\/loose.dtd\">\n<html><body><p>El subsecretario de Industria y Comercio, Guillermo Cruz, se reuni&oacute; con representantes de Edemsa y de la empresa Alco&nbsp;para acordar el pago de la deuda que la conservera mantiene con la empresa&nbsp;distribuidora de energ&iacute;a en Mendoza.<\/p>\n<p>Durante el encuentro, las&nbsp;partes acordaron un plan de pago que se&nbsp;comenzar&aacute; a cancelar a partir de julio.<\/p>\n<p>Hace pocos d&iacute;as, la empresa del grupo Canale accedi&oacute; a una l&iacute;nea de&nbsp;financiamiento nacional de $75 millones, a partir de la cual pudo saldar la deuda que ten&iacute;a&nbsp;con los empleados, dejando al d&iacute;a los salarios adeudados y las deudas con los productores.<\/p>\n<p>Para recibir esta ayuda, la firma se comprometi&oacute; a mostrar su estado contable y la marcha de sus operaciones tanto al Ministerio de Econom&iacute;a, Infraestructura y Energ&iacute;a como al de Producci&oacute;n de la Naci&oacute;n, cartera de la cual salieron los fondos para el salvataje.<\/p>\n<p>Desde principios de este a&ntilde;o, la Provincia realiza gestiones ante&nbsp;la Naci&oacute;n para ayudar a la reestructuraci&oacute;n de la emblem&aacute;tica conservera&nbsp;local cuyas plantas est&aacute;n en Tunuy&aacute;n, Tupungato y San Rafael.<\/p>\n<\/body><\/html>\n","protected":false},"excerpt":{"rendered":"La empresa conservera ya est\u00e1 al d\u00eda con el pago de salarios a sus empleados y comenzar\u00e1 a cancelar la deuda con Edemsa.","protected":false},"author":3,"featured_media":0,"comment_status":"open","ping_status":"open","sticky":false,"template":"","format":"standard","meta":[],"categories":[1],"tags":[],"_links":{"self":[{"href":"https:\/\/www.mendoza.gov.ar\/prensa\/wp-json\/wp\/v2\/posts\/59624"}],"collection":[{"href":"https:\/\/www.mendoza.gov.ar\/prensa\/wp-json\/wp\/v2\/posts"}],"about":[{"href":"https:\/\/www.mendoza.gov.ar\/prensa\/wp-json\/wp\/v2\/types\/post"}],"author":[{"embeddable":true,"href":"https:\/\/www.mendoza.gov.ar\/prensa\/wp-json\/wp\/v2\/users\/3"}],"replies":[{"embeddable":true,"href":"https:\/\/www.mendoza.gov.ar\/prensa\/wp-json\/wp\/v2\/comments?post=59624"}],"version-history":[{"count":0,"href":"https:\/\/www.mendoza.gov.ar\/prensa\/wp-json\/wp\/v2\/posts\/59624\/revisions"}],"wp:attachment":[{"href":"https:\/\/www.mendoza.gov.ar\/prensa\/wp-json\/wp\/v2\/media?parent=59624"}],"wp:term":[{"taxonomy":"category","embeddable":true,"href":"https:\/\/www.mendoza.gov.ar\/prensa\/wp-json\/wp\/v2\/categories?post=59624"},{"taxonomy":"post_tag","embeddable":true,"href":"https:\/\/www.mendoza.gov.ar\/prensa\/wp-json\/wp\/v2\/tags?post=59624"}],"curies":[{"name":"wp","href":"https:\/\/api.w.org\/{rel}","templated":true}]}}