{"id":59904,"date":"2016-06-29T14:44:46","date_gmt":"2016-06-29T17:44:46","guid":{"rendered":"http:\/\/prensa.mendoza.gov.ar\/?p=59904"},"modified":"2019-03-14T09:47:12","modified_gmt":"2019-03-14T12:47:12","slug":"ambiente-anuncio-las-directrices-del-plan-de-reconversion-para-el-zoologico-provincial","status":"publish","type":"post","link":"https:\/\/www.mendoza.gov.ar\/prensa\/ambiente-anuncio-las-directrices-del-plan-de-reconversion-para-el-zoologico-provincial\/","title":{"rendered":"Ambiente anunci\u00f3 las directrices del plan de reconversi\u00f3n para el Zool\u00f3gico provincial"},"content":{"rendered":"<!DOCTYPE html PUBLIC \"-\/\/W3C\/\/DTD HTML 4.0 Transitional\/\/EN\" \"http:\/\/www.w3.org\/TR\/REC-html40\/loose.dtd\">\n<html><body><p>Las bases del Plan de Reconversi&oacute;n del Zool&oacute;gico tienen como objetivo principal el&nbsp;bienestar animal por encima de la exhibici&oacute;n y el disfrute de las personas, tal como lo promueven los zool&oacute;gicos modernos a nivel mundial.&nbsp;As&iacute; lo comunic&oacute; el secretario de Ambiente, Humberto Mingorance, qui&eacute;n adem&aacute;s anunci&oacute; que el m&eacute;todo ya se est&aacute; implementando en la provincia.<\/p>\n<p>El zool&oacute;gico de Barcelona-Proyecto ZOO XXI y, en el pa&iacute;s, los zoos de La Plata y Ciudad de Buenos Aires son&nbsp;algunos de los que hoy trabajan bajo este mismo concepto. En esos establecimientos se observan cambios que van en el mismo sentido de lo que viene desarrollando la Secretar&iacute;a de Ambiente y Ordenamiento Territorial de Mendoza.<\/p>\n<p><a href=\"https:\/\/www.mendoza.gov.ar\/prensa\/wp-content\/uploads\/sites\/23\/DSC_58391.jpg\"><img loading=\"lazy\" class=\"alignnone wp-image-59905 img-responsive center-block\" src=\"https:\/\/www.mendoza.gov.ar\/prensa\/wp-content\/uploads\/sites\/23\/DSC_58391.jpg\" alt=\"\" width=\"650\" height=\"433\"><\/a><\/p>\n<p><strong>Directrices generales del Plan de Reconversi&oacute;n&nbsp;<\/strong><\/p>\n<ul>\n<li>Todas las acciones deber&aacute;n propender al bienestar animal y al cuidado del medio ambiente como condici&oacute;n indispensable.<\/li>\n<li>El paseo es y ser&aacute; propiedad del Estado provincial.<\/li>\n<li>Ser&aacute; un espacio dedicado a la educaci&oacute;n ambiental, a trav&eacute;s de experiencias recreativas basadas en las vivencias y la tecnolog&iacute;a.<\/li>\n<li>No ingresar&aacute;n, por ning&uacute;n medio, animales nativos ni ex&oacute;ticos con el fin de mantener una &ldquo;colecci&oacute;n&rdquo;, salvo aquellos que lo hagan por decomisos de la autoridad de aplicaci&oacute;n provincial o nacional e ingresen para ser rehabilitados.<\/li>\n<li>La exhibici&oacute;n de animales dejar&aacute; de ser el motivo del nuevo concepto.<\/li>\n<li>Llevar adelante una fuerte acci&oacute;n en la derivaci&oacute;n de ejemplares excedentes utilizando los mecanismos que la legislaci&oacute;n nacional y provincial permite a: santuarios, reservas, granjas educativas u otros establecimientos p&uacute;blicos o privados que brinden mejores condiciones ambientales y adaptadas para cada especie que cumplan con todas las normas legales y de habilitaci&oacute;n.<\/li>\n<li>Trabajar con especialistas en la rehabilitaci&oacute;n y liberaci&oacute;n de animales nativos heridos o rescatados del tr&aacute;fico ilegal, como as&iacute; tambi&eacute;n en proyectos de conservaci&oacute;n de fauna aut&oacute;ctona en peligro de extinci&oacute;n, en conjunto local y nacional.<\/li>\n<li>Dise&ntilde;ar, enriquecer y mantener aquellos recintos que vayan a albergar a animales por un tiempo que se prevea como indefinido (ex&oacute;ticos).<\/li>\n<li>Promover las participaci&oacute;n de ONG, empresas, universidades y otros sectores de la sociedad, en proyectos de conservaci&oacute;n del ambiente<\/li>\n<li>Desarrollar un Programa de Intervenci&oacute;n Arquitect&oacute;nico y Paisaj&iacute;stico que se adecue al futuro paseo y a la seguridad de los animales y visitantes.<\/li>\n<\/ul>\n<p><strong>&nbsp;Acciones en desarrollo<\/strong><\/p>\n<ul>\n<li>Se mantendr&aacute; cerrado por tiempo indefinido&nbsp;hasta&nbsp;tanto:\n<ol>\n<li>Se llegue a los niveles adecuados de animales, derivando los excedentes a otros sitios de la provincia, del pa&iacute;s o del mundo que est&eacute;n habilitados para tal fin. Hoy existen cerca de 2.000 animales y deber&iacute;an derivarse aproximadamente unos 1.500.<\/li>\n<li>Se logren las condiciones m&iacute;nimas en la infraestructura en recintos (agua, comederos, techos, limpieza, cierres perimetrales, etc.) tanto para los animales que permanecer&aacute;n en el predio hasta lograr su derivaci&oacute;n, como para aquellos espacios destinados a la conservaci&oacute;n y derivaci&oacute;n de especies nativas.<\/li>\n<li>Se logren las condiciones de seguridad &oacute;ptima para los visitantes frente a los animales (protecciones en recintos) y de servicios en general (carteler&iacute;a informativa, ba&ntilde;os, accesibilidad, etc.).<\/li>\n<\/ol>\n<\/li>\n<li>Se llevar&aacute; adelante una subasta de los animales excedentes, &uacute;nico mecanismo autorizado por Fiscal&iacute;a de Estado y que contempla la legislaci&oacute;n vigente, condicionando a los oferentes, ya sean estos p&uacute;blicos o privados, a que garanticen que los espacios a donde ser&aacute;n derivados los animales adquiridos tengan mejores condiciones que las que tienen en la actualidad, como lo son los santuarios, reservas, granjas educativas, etc., y que garanticen que su destino final no ser&aacute;n circos, cotos de caza, frigor&iacute;ficos o lugares que no est&eacute;n debidamente autorizados por los organismos de aplicaci&oacute;n (en ejecuci&oacute;n).<\/li>\n<\/ul>\n<p>Todos los fondos obtenidos ser&aacute;n destinados a financiar los objetivos del presente plan.<\/p>\n<ul>\n<li>Se empezar&aacute; a llevar una historia cl&iacute;nica de cada ejemplar, un archivo con toda la informaci&oacute;n biol&oacute;gica y sanitaria como as&iacute; mismo se desarrollar&aacute; un plan de manejo de poblaci&oacute;n animal (en ejecuci&oacute;n).<\/li>\n<li>Se realizar&aacute;n las obras necesarias para recuperar cierres perimetrales en corrales y corrales de aparte (en ejecuci&oacute;n).<\/li>\n<li>Se construir&aacute;n m&aacute;s de 500 m2 de cobertizos en corrales para brindar protecci&oacute;n de la lluvia y el fr&iacute;o a los animales&nbsp;(en ejecuci&oacute;n).<\/li>\n<li>Se colocar&aacute;n comederos y bebederos nuevos&nbsp;(en ejecuci&oacute;n).<\/li>\n<\/ul>\n<\/body><\/html>\n","protected":false},"excerpt":{"rendered":"As\u00ed lo comunic\u00f3 el secretario de Ambiente, Humberto Mingorance, quien adem\u00e1s anunci\u00f3 que el m\u00e9todo ya se est\u00e1 implementando. Contin\u00faan las obras de reconversi\u00f3n y mantenimiento.","protected":false},"author":3,"featured_media":59906,"comment_status":"open","ping_status":"open","sticky":false,"template":"","format":"standard","meta":[],"categories":[3],"tags":[],"_links":{"self":[{"href":"https:\/\/www.mendoza.gov.ar\/prensa\/wp-json\/wp\/v2\/posts\/59904"}],"collection":[{"href":"https:\/\/www.mendoza.gov.ar\/prensa\/wp-json\/wp\/v2\/posts"}],"about":[{"href":"https:\/\/www.mendoza.gov.ar\/prensa\/wp-json\/wp\/v2\/types\/post"}],"author":[{"embeddable":true,"href":"https:\/\/www.mendoza.gov.ar\/prensa\/wp-json\/wp\/v2\/users\/3"}],"replies":[{"embeddable":true,"href":"https:\/\/www.mendoza.gov.ar\/prensa\/wp-json\/wp\/v2\/comments?post=59904"}],"version-history":[{"count":1,"href":"https:\/\/www.mendoza.gov.ar\/prensa\/wp-json\/wp\/v2\/posts\/59904\/revisions"}],"predecessor-version":[{"id":176208,"href":"https:\/\/www.mendoza.gov.ar\/prensa\/wp-json\/wp\/v2\/posts\/59904\/revisions\/176208"}],"wp:featuredmedia":[{"embeddable":true,"href":"https:\/\/www.mendoza.gov.ar\/prensa\/wp-json\/wp\/v2\/media\/59906"}],"wp:attachment":[{"href":"https:\/\/www.mendoza.gov.ar\/prensa\/wp-json\/wp\/v2\/media?parent=59904"}],"wp:term":[{"taxonomy":"category","embeddable":true,"href":"https:\/\/www.mendoza.gov.ar\/prensa\/wp-json\/wp\/v2\/categories?post=59904"},{"taxonomy":"post_tag","embeddable":true,"href":"https:\/\/www.mendoza.gov.ar\/prensa\/wp-json\/wp\/v2\/tags?post=59904"}],"curies":[{"name":"wp","href":"https:\/\/api.w.org\/{rel}","templated":true}]}}