{"id":59912,"date":"2016-06-29T19:59:57","date_gmt":"2016-06-29T22:59:57","guid":{"rendered":"http:\/\/prensa.mendoza.gov.ar\/?p=59912"},"modified":"2016-06-29T19:59:57","modified_gmt":"2016-06-29T22:59:57","slug":"mendoza-firmo-un-convenio-con-la-nacion-para-construir-476-viviendas","status":"publish","type":"post","link":"https:\/\/www.mendoza.gov.ar\/prensa\/mendoza-firmo-un-convenio-con-la-nacion-para-construir-476-viviendas\/","title":{"rendered":"Mendoza firm\u00f3 un convenio con la Naci\u00f3n para construir 476 viviendas"},"content":{"rendered":"<!DOCTYPE html PUBLIC \"-\/\/W3C\/\/DTD HTML 4.0 Transitional\/\/EN\" \"http:\/\/www.w3.org\/TR\/REC-html40\/loose.dtd\">\n<html><body><p>Este mediod&iacute;a, el Gobernador Alfredo Cornejo se reuni&oacute; con el ministro del Interior, Obras P&uacute;blicas y Vivienda de la Naci&oacute;n, Rogelio Frigerio, en Buenos Aires, donde firmaron un convenio&nbsp;para la construcci&oacute;n de viviendas en diferentes departamentos de Mendoza.<\/p>\n<p>En este sentido, Cornejo detall&oacute;: &ldquo;Firmamos con el ministro Frigerio un convenio para construir 476 viviendas en seis departamentos de nuestra provincia por un monto de $315 millones. Es uno de los primeros proyectos que se firman reactivando la obra p&uacute;blica en vivienda particularmente, pero no es el &uacute;ltimo, en algunas semanas esperamos firmar nuevos convenios y seguir as&iacute; durante los pr&oacute;ximos meses. Esto se realiz&oacute; en el marco del plan de reactivar las operatorias de viviendas que estaba paralizado durante el &uacute;ltimo a&ntilde;o&rdquo;.<\/p>\n<p>La firma se da en el marco del programa Federal de Reconversi&oacute;n &ldquo;Techo Digno&rdquo;. La ejecuci&oacute;n de las viviendas&nbsp;tardar&aacute; 12 meses, y ser&aacute;n distribuidas en varios departamentos de Mendoza, seg&uacute;n el siguiente detalle:<\/p>\n<ul>\n<li>Guaymall&eacute;n,&nbsp;215<\/li>\n<li>Las Heras,&nbsp;49<\/li>\n<li>San Mart&iacute;n,&nbsp;67<\/li>\n<li>San Rafael,&nbsp;25<\/li>\n<li>Santa Rosa,&nbsp;32<\/li>\n<li>Tupungato,&nbsp;23<\/li>\n<li>Maip&uacute;,&nbsp;65<\/li>\n<\/ul>\n<p>El mandatario tambi&eacute;n se refiri&oacute; al trabajo que se est&aacute; realizando desde el Ejecutivo: &ldquo;Sin diferencias pol&iacute;ticas, y a medida que vayamos teniendo los proyectos, que los municipios aceleren los planes, vamos a ir teniendo soluciones que nos demandan desde hace tiempo&rdquo;.<\/p>\n<\/body><\/html>\n","protected":false},"excerpt":{"rendered":"Ya tienen financiamiento por $315 millones y estar\u00e1n ubicadas en Guaymall\u00e9n, Las Heras, San Mart\u00edn, San Rafael, Santa Rosa, Tupungato y Maip\u00fa.","protected":false},"author":3,"featured_media":59959,"comment_status":"open","ping_status":"open","sticky":false,"template":"","format":"standard","meta":[],"categories":[19],"tags":[],"_links":{"self":[{"href":"https:\/\/www.mendoza.gov.ar\/prensa\/wp-json\/wp\/v2\/posts\/59912"}],"collection":[{"href":"https:\/\/www.mendoza.gov.ar\/prensa\/wp-json\/wp\/v2\/posts"}],"about":[{"href":"https:\/\/www.mendoza.gov.ar\/prensa\/wp-json\/wp\/v2\/types\/post"}],"author":[{"embeddable":true,"href":"https:\/\/www.mendoza.gov.ar\/prensa\/wp-json\/wp\/v2\/users\/3"}],"replies":[{"embeddable":true,"href":"https:\/\/www.mendoza.gov.ar\/prensa\/wp-json\/wp\/v2\/comments?post=59912"}],"version-history":[{"count":0,"href":"https:\/\/www.mendoza.gov.ar\/prensa\/wp-json\/wp\/v2\/posts\/59912\/revisions"}],"wp:featuredmedia":[{"embeddable":true,"href":"https:\/\/www.mendoza.gov.ar\/prensa\/wp-json\/wp\/v2\/media\/59959"}],"wp:attachment":[{"href":"https:\/\/www.mendoza.gov.ar\/prensa\/wp-json\/wp\/v2\/media?parent=59912"}],"wp:term":[{"taxonomy":"category","embeddable":true,"href":"https:\/\/www.mendoza.gov.ar\/prensa\/wp-json\/wp\/v2\/categories?post=59912"},{"taxonomy":"post_tag","embeddable":true,"href":"https:\/\/www.mendoza.gov.ar\/prensa\/wp-json\/wp\/v2\/tags?post=59912"}],"curies":[{"name":"wp","href":"https:\/\/api.w.org\/{rel}","templated":true}]}}