{"id":59981,"date":"2016-06-30T12:37:07","date_gmt":"2016-06-30T15:37:07","guid":{"rendered":"http:\/\/prensa.mendoza.gov.ar\/?p=59981"},"modified":"2016-06-30T12:37:07","modified_gmt":"2016-06-30T15:37:07","slug":"alfredo-cornejo-participo-del-simulacro-realizado-en-casa-de-gobierno","status":"publish","type":"post","link":"https:\/\/www.mendoza.gov.ar\/prensa\/alfredo-cornejo-participo-del-simulacro-realizado-en-casa-de-gobierno\/","title":{"rendered":"Alfredo Cornejo particip\u00f3 del simulacro realizado en la Casa de Gobierno"},"content":{"rendered":"<!DOCTYPE html PUBLIC \"-\/\/W3C\/\/DTD HTML 4.0 Transitional\/\/EN\" \"http:\/\/www.w3.org\/TR\/REC-html40\/loose.dtd\">\n<html><body><p>A las 11 de la ma&ntilde;ana, son&oacute; una alarma de terremoto en la Casa de Gobierno. Las personas que estaban en sus puestos de trabajo y que realizaban tr&aacute;mites adoptaron durante 30 segundos la posici&oacute;n de defensa s&iacute;smica e inmediatamente recibieron la orden de evacuaci&oacute;n a la zona de seguridad.<\/p>\n<p>El helic&oacute;ptero de la Polic&iacute;a sobrevol&oacute; el Parque C&iacute;vico. Las ambulancias y bomberos estuvieron&nbsp;presentes en las calles, personas con meg&aacute;fonos, heridos e incendios en distintos lugares de ese sector de ciudad se convirtieron en&nbsp;una simulaci&oacute;n de un terremoto grado 7, did&aacute;ctica y diagn&oacute;stica, que realiz&oacute; la Direcci&oacute;n Provincial de Defensa Civil, dependiente del Ministerio de Seguridad.<\/p>\n<p><strong>Los protagonistas<\/strong><\/p>\n<p>Encabezado por el Gobernador Alfredo Cornejo y gran parte de los ministros, el personal de Casa de Gobierno particip&oacute; casi en su totalidad del ejercicio.<\/p>\n<p>Mientras Cornejo&nbsp;descend&iacute;a hacia el lugar de evacuaci&oacute;n, expres&oacute;: &ldquo;Estamos participando de este simulacro como todos los empleados de Casa de Gobierno. Es &uacute;til realizarlo habitualmente porque estas cosas pueden suceder en Mendoza&rdquo;.<\/p>\n<p>Por su parte, el titular de Defensa Civil, Oscar Pizarro, manifest&oacute; que la idea de este ejercicio es conocer c&oacute;mo se comporta la gente y los actores que intervienen para hacer una especie de diagn&oacute;stico&nbsp;&ldquo;y&nbsp;reforzar las pr&oacute;ximas capacitaciones, en vista de futuros simulacros&rdquo;.<\/p>\n<p>&ldquo;Por lo que hemos observado, ha habido algunos errores para mejorar. Vamos a ver c&oacute;mo la gente se organiz&oacute;. Este es el primero que estamos haciendo y tenemos programado hacer m&aacute;s, con previo aviso. Tenemos que pulir algunos detalles y seguir capacitando a los brigadistas&rdquo;, puntualiz&oacute; el funcionario.<\/p>\n<p>Miguel Luj&aacute;n es delegado de Defensa Civil del Tercer Piso de Casa de Gobierno desde hace diez a&ntilde;os. Es un puesto voluntario, que exige capacitaci&oacute;n y participaci&oacute;n en reuniones peri&oacute;dicas. Su tarea, en primer lugar, es controlar la evacuaci&oacute;n y lograr que todas las personas abandonen las oficinas. Es enfermero profesional, por lo que conoce perfectamente de primeros auxilios.<\/p>\n<p>&ldquo;Lo realizamos todos los a&ntilde;os, salvo los dos &uacute;ltimos. Despu&eacute;s de la evacuaci&oacute;n, mi tarea es tranquilizar a las personas que resultaron ilesas, comprobar que est&eacute;n todas y, en cuanto todo termine, se retiren en orden&rdquo;, expres&oacute; Luj&aacute;n.<\/p>\n<p><strong>La simulaci&oacute;n<\/strong><\/p>\n<p>Tuvo como principal objetivo poner en pr&aacute;ctica las reglas de seguridad s&iacute;smica para el edificio de la Casa de Gobierno e instrumentar socorro por parte de los sistemas de respuesta.<\/p>\n<p>Particip&oacute;&nbsp;personal de la Casa de Gobierno, Direcci&oacute;n Provincial de Defensa Civil, Direcci&oacute;n Bomberos de la Polic&iacute;a,&nbsp;personal policial,&nbsp;Cuerpo de Aviaci&oacute;n Policial,&nbsp;Servicio Coordinado de Emergencias, Tr&aacute;nsito de la Municipalidad de Capital &nbsp;y Defensa Civil de la Municipalidad de Capital.<\/p>\n<p>Toda la actividad fue controlada por veedores, quienes midieron los tiempos en los que se desarrollaron las acciones.<\/p>\n<p>Seg&uacute;n el guion, elaborado por Defensa Civil, durante el sismo se registraron dos v&iacute;ctimas&nbsp; en planta baja, que fueron socorridas por los gu&iacute;as de evacuaci&oacute;n hacia la explanada de la Casa de Gobierno. A continuaci&oacute;n se solicit&oacute; la atenci&oacute;n por parte del personal del SEC, para lo que se llam&oacute; a la ambulancia.<\/p>\n<p>Mientras tanto, lleg&oacute;&nbsp;una movilidad de Bomberos con la dotaci&oacute;n completa, que inici&oacute; las tareas de extinci&oacute;n del incendio que se registr&oacute; en el ala Este. Los responsables convocaron tambi&eacute;n a la polic&iacute;a para el manejo del orden.<\/p>\n<p>El helic&oacute;ptero del Cuerpo de Aviaci&oacute;n Policial (CAP) realiz&oacute; vuelos de reconocimiento en la zona para informar estado de rutas y caminos a los operadores de tierra, entre ellos las dos ambulancias que inmediatamente iniciaron la atenci&oacute;n de v&iacute;ctimas heridas.<\/p>\n<p>En el Parque C&iacute;vico, en tanto, se realiz&oacute; el recuento de evacuados. Al realizar el <em>triage<\/em> (proceso con el que se selecciona a las personas a partir de su necesidad de recibir tratamiento m&eacute;dico inmediato cuando los recursos disponibles son limitados), se constat&oacute; que uno de los heridos ten&iacute;a lesiones muy graves y dej&oacute; de existir en el lugar, por lo que se dej&oacute; el cuerpo con custodia.<\/p>\n<p>Posteriormente, las ambulancias iniciaron su salida por calle Espa&ntilde;a trasladando&nbsp;personas heridas al hospital regional Diego Paroissien.<\/p>\n<p>Una vez extinguido el incendio, los intervinientes dieron por finalizado el simulacro y los participantes volvieron a sus actividades habituales.<\/p>\n<p><strong>La importancia de los ejercicios<\/strong><\/p>\n<p>Practicar las reglas de seguridad s&iacute;smica es de vital importancia para que la poblaci&oacute;n tenga las instrucciones b&aacute;sicas para evacuar.<\/p>\n<p>En el caso de la Casa de Gobierno, es fundamental que las personas que trabajan all&iacute; tengan las pautas que les indiquen c&oacute;mo comportarse durante el episodio y c&oacute;mo proceder durante la evacuaci&oacute;n del edificio.<\/p>\n<p>Por otra parte, este ejercicio es propicio para que otras instituciones pongan a prueba sus protocolos de actuaci&oacute;n, a fin de que, llegado el momento, el sistema de defensa civil sea lo m&aacute;s efectivo posible.<\/p>\n<\/body><\/html>\n","protected":false},"excerpt":{"rendered":"Se llev\u00f3 a cabo una simulaci\u00f3n de un terremoto grado 7 en Casa de Gobierno, encabezado por Defensa Civil. Participaron Direcci\u00f3n Bomberos de la Polic\u00eda, personal policial, Cuerpo de Aviaci\u00f3n Policial, Servicio Coordinado de Emergencias, y Tr\u00e1nsito y Defensa Civil de la Municipalidad de Capital. ","protected":false},"author":3,"featured_media":59985,"comment_status":"open","ping_status":"open","sticky":false,"template":"","format":"standard","meta":[],"categories":[19],"tags":[],"_links":{"self":[{"href":"https:\/\/www.mendoza.gov.ar\/prensa\/wp-json\/wp\/v2\/posts\/59981"}],"collection":[{"href":"https:\/\/www.mendoza.gov.ar\/prensa\/wp-json\/wp\/v2\/posts"}],"about":[{"href":"https:\/\/www.mendoza.gov.ar\/prensa\/wp-json\/wp\/v2\/types\/post"}],"author":[{"embeddable":true,"href":"https:\/\/www.mendoza.gov.ar\/prensa\/wp-json\/wp\/v2\/users\/3"}],"replies":[{"embeddable":true,"href":"https:\/\/www.mendoza.gov.ar\/prensa\/wp-json\/wp\/v2\/comments?post=59981"}],"version-history":[{"count":0,"href":"https:\/\/www.mendoza.gov.ar\/prensa\/wp-json\/wp\/v2\/posts\/59981\/revisions"}],"wp:featuredmedia":[{"embeddable":true,"href":"https:\/\/www.mendoza.gov.ar\/prensa\/wp-json\/wp\/v2\/media\/59985"}],"wp:attachment":[{"href":"https:\/\/www.mendoza.gov.ar\/prensa\/wp-json\/wp\/v2\/media?parent=59981"}],"wp:term":[{"taxonomy":"category","embeddable":true,"href":"https:\/\/www.mendoza.gov.ar\/prensa\/wp-json\/wp\/v2\/categories?post=59981"},{"taxonomy":"post_tag","embeddable":true,"href":"https:\/\/www.mendoza.gov.ar\/prensa\/wp-json\/wp\/v2\/tags?post=59981"}],"curies":[{"name":"wp","href":"https:\/\/api.w.org\/{rel}","templated":true}]}}