{"id":60091,"date":"2016-07-01T15:10:52","date_gmt":"2016-07-01T18:10:52","guid":{"rendered":"http:\/\/prensa.mendoza.gov.ar\/?p=60091"},"modified":"2016-07-01T15:10:52","modified_gmt":"2016-07-01T18:10:52","slug":"cornejo-firmo-convenio-con-el-banco-nacion-que-facilitara-creditos-a-tasas-preferenciales-para-los-mendocinos","status":"publish","type":"post","link":"https:\/\/www.mendoza.gov.ar\/prensa\/cornejo-firmo-convenio-con-el-banco-nacion-que-facilitara-creditos-a-tasas-preferenciales-para-los-mendocinos\/","title":{"rendered":"Cornejo firm\u00f3 convenio con el Banco Naci\u00f3n que facilitar\u00e1 cr\u00e9ditos a tasas preferenciales para los mendocinos"},"content":{"rendered":"<!DOCTYPE html PUBLIC \"-\/\/W3C\/\/DTD HTML 4.0 Transitional\/\/EN\" \"http:\/\/www.w3.org\/TR\/REC-html40\/loose.dtd\">\n<html><body><p>Con la presencia de Carlos Melconian, presidente del Banco Naci&oacute;n, el Gobernador Alfredo Cornejo firm&oacute; un convenio en Casa de Gobierno que facilitar&aacute; cr&eacute;ditos con tasas preferenciales para los mendocinos. Adem&aacute;s, se renov&oacute; el compromiso para que la entidad bancaria contin&uacute;e siendo el agente financiero de Mendoza.<\/p>\n<p>Este acuerdo&nbsp;tendr&aacute; una duraci&oacute;n de cinco&nbsp;a&ntilde;os y finalizar&aacute; en 2021. Por otro lado, el Banco Naci&oacute;n brindar&aacute; mejores condiciones de cr&eacute;dito productivo, ya que Mendoza tiene&nbsp;un importante n&uacute;mero de usuarios de&nbsp;la entidad bancaria.<\/p>\n<p>&ldquo;El contrato abre una nueva etapa, que es la del ordenamiento financiero y fiscal de la Provincia y del gasto. Estamos reprogramando deuda que no contrajimos que fue mal usada, para gastos corrientes, y no para inversi&oacute;n&rdquo;, detall&oacute; Cornejo.<\/p>\n<p>&ldquo;Somos confiables y sujetos de cr&eacute;ditos para renovar esta relaci&oacute;n con el Banco Naci&oacute;n que nos vuelve a tener como clientes por cinco&nbsp;a&ntilde;os m&aacute;s&rdquo;, se&ntilde;al&oacute; el Gobernador, y agreg&oacute;: &ldquo;Nos proponemos, a partir de una buena programaci&oacute;n y de una buena planificaci&oacute;n, hacer lo que se debe hacer, que es optimizar el gasto, cumplir mejor con los servicios de salud, educaci&oacute;n, seguridad y promover al sector privado para que sea m&aacute;s fuerte&rdquo;.<\/p>\n<p>El acuerdo abarca varios aspectos, como l&iacute;neas de cr&eacute;dito y la creaci&oacute;n de un Comit&eacute; Integral de colaboraci&oacute;n mutua que tendr&aacute; por objeto, entre otros, definir, analizar y crear pol&iacute;ticas financieras para optimizar las prestaciones que el banco brinda a la Provincia.<\/p>\n<p>En este sentido, el mandatario inform&oacute; que &ldquo;la renegociaci&oacute;n brindar&aacute; facilidades para empleados del Estado provincial. Tambi&eacute;n es importante porque ofreceremos una l&iacute;nea de cr&eacute;ditos para vivienda &uacute;nica y porque adem&aacute;s sumar&aacute; una oficina del banco en la Casa de Gobierno&rdquo;.<\/p>\n<p>A ra&iacute;z de las buenas negociaciones entre el Gobierno y la entidad, otro punto del acuerdo es reestructurar 2.200 millones de pesos de deuda que Mendoza deb&iacute;a pagar en estos d&iacute;as. En el decreto 726, publicado este mi&eacute;rcoles en el <em>Bolet&iacute;n Oficial<\/em>, qued&oacute; formalizada la reprogramaci&oacute;n &ldquo;conveniente para la Provincia a los fines de hacer frente a sus compromisos presentes o futuros&rdquo;. Contempla un plazo de vencimiento de 60 meses, incluyendo 12 meses de plazo de gracia, con amortizaci&oacute;n en 48 cuotas mensuales.<\/p>\n<p><strong>L&iacute;neas de cr&eacute;dito<\/strong><\/p>\n<p>Con el objeto de que el dinero quede en Mendoza y se produzca un desarrollo econ&oacute;mico, el Banco Naci&oacute;n propondr&aacute; l&iacute;neas espec&iacute;ficas de cr&eacute;dito, aplicables en el &aacute;mbito de la provincia y con destino a los diversos sectores productivos, como comercio, servicio e industria,&nbsp;y tambi&eacute;n a aquellas personas comprendidas en &ldquo;banca individuos&rdquo;, para el desarrollo de sus actividades, con el objeto de promover la inversi&oacute;n, desarrollo y consumo familiar, como asimismo la adquisici&oacute;n, refacci&oacute;n y\/o ampliaci&oacute;n de viviendas con el otorgamiento de pr&eacute;stamos.<\/p>\n<p>En referencia al cr&eacute;dito para la construcci&oacute;n de viviendas, el Banco Naci&oacute;n establecer&aacute; como cupo m&iacute;nimo para pr&eacute;stamos un monto equivalente al que surja del promedio de los &uacute;ltimos seis&nbsp;meses de los dep&oacute;sitos del Poder Judicial.<\/p>\n<p>Por otro lado, el Banco &nbsp;Naci&oacute;n ofrecer&aacute; a los empleados p&uacute;blicos una bonificaci&oacute;n del 0,50% sobre la tasa de pr&eacute;stamos hipotecarios para la compra de vivienda que ofrezca a su clientela en general, y adem&aacute;s realizar&aacute; la apertura de un Centro Hipotecario de atenci&oacute;n personalizada para los trabajadores estatales.<\/p>\n<p><strong>Colaboraci&oacute;n mutua<\/strong><\/p>\n<p>El Comit&eacute; Integral de colaboraci&oacute;n mutua tendr&aacute; su sede en la ciudad de Mendoza y se reunir&aacute; con una frecuencia m&iacute;nima de una vez por mes. Deber&aacute; realizar un informe de gesti&oacute;n semestral, con detalle del estado de cumplimiento del convenio, de las metas fijadas por las partes, calidad de los servicios que preste el Banco Naci&oacute;n como agente financiero, y la evaluaci&oacute;n comparativa de las tasas de inter&eacute;s aplicadas en Mendoza por las instituciones bancarias.<\/p>\n<p>&nbsp;<\/p>\n<\/body><\/html>\n","protected":false},"excerpt":{"rendered":"Se trata de cr\u00e9ditos para adquisici\u00f3n, refacci\u00f3n y compra de viviendas, adem\u00e1s de l\u00edneas espec\u00edficas destinadas a diversos sectores productivos como comercio, servicio e industria. Tambi\u00e9n se logr\u00f3 reestructurar la deuda y la concreci\u00f3n de una oficina del banco en la Casa de Gobierno.","protected":false},"author":3,"featured_media":60180,"comment_status":"open","ping_status":"open","sticky":false,"template":"","format":"standard","meta":[],"categories":[19],"tags":[],"_links":{"self":[{"href":"https:\/\/www.mendoza.gov.ar\/prensa\/wp-json\/wp\/v2\/posts\/60091"}],"collection":[{"href":"https:\/\/www.mendoza.gov.ar\/prensa\/wp-json\/wp\/v2\/posts"}],"about":[{"href":"https:\/\/www.mendoza.gov.ar\/prensa\/wp-json\/wp\/v2\/types\/post"}],"author":[{"embeddable":true,"href":"https:\/\/www.mendoza.gov.ar\/prensa\/wp-json\/wp\/v2\/users\/3"}],"replies":[{"embeddable":true,"href":"https:\/\/www.mendoza.gov.ar\/prensa\/wp-json\/wp\/v2\/comments?post=60091"}],"version-history":[{"count":0,"href":"https:\/\/www.mendoza.gov.ar\/prensa\/wp-json\/wp\/v2\/posts\/60091\/revisions"}],"wp:featuredmedia":[{"embeddable":true,"href":"https:\/\/www.mendoza.gov.ar\/prensa\/wp-json\/wp\/v2\/media\/60180"}],"wp:attachment":[{"href":"https:\/\/www.mendoza.gov.ar\/prensa\/wp-json\/wp\/v2\/media?parent=60091"}],"wp:term":[{"taxonomy":"category","embeddable":true,"href":"https:\/\/www.mendoza.gov.ar\/prensa\/wp-json\/wp\/v2\/categories?post=60091"},{"taxonomy":"post_tag","embeddable":true,"href":"https:\/\/www.mendoza.gov.ar\/prensa\/wp-json\/wp\/v2\/tags?post=60091"}],"curies":[{"name":"wp","href":"https:\/\/api.w.org\/{rel}","templated":true}]}}