{"id":60104,"date":"2016-07-01T13:59:31","date_gmt":"2016-07-01T16:59:31","guid":{"rendered":"http:\/\/prensa.mendoza.gov.ar\/?p=60104"},"modified":"2019-03-11T10:16:13","modified_gmt":"2019-03-11T13:16:13","slug":"unicipio-abordo-temas-de-educacion-y-seguridad-del-area-metropolitana","status":"publish","type":"post","link":"https:\/\/www.mendoza.gov.ar\/prensa\/unicipio-abordo-temas-de-educacion-y-seguridad-del-area-metropolitana\/","title":{"rendered":"Unicipio abord\u00f3 temas de educaci\u00f3n y seguridad en el \u00c1rea Metropolitana"},"content":{"rendered":"<!DOCTYPE html PUBLIC \"-\/\/W3C\/\/DTD HTML 4.0 Transitional\/\/EN\" \"http:\/\/www.w3.org\/TR\/REC-html40\/loose.dtd\">\n<html><body><p>Se realiz&oacute; un taller&nbsp;sobre&nbsp;Educaci&oacute;n y Seguridad Ciudadana<em>, <\/em>el tercero de una serie de encuentros destinados a tratar las principales tem&aacute;ticas que estructuran y dinamizan el &Aacute;rea Metropolitana de Mendoza (Unicipio), organizados por la Secretar&iacute;a de Ambiente y la Universidad Nacional de Cuyo durante junio.<\/p>\n<p>Esta jornada, con disertaciones y talleres, estuvo abocada a temas como el espacio p&uacute;blico para mejorar la seguridad ciudadana, la pertenencia y arraigo a la metr&oacute;polis, la educaci&oacute;n vial, la accesibilidad y los riesgos en el &Aacute;rea Metropolitana. Importantes especialistas tambi&eacute;n expusieron casos modelo de Am&eacute;rica Latina en seguridad ciudadana y sus m&eacute;todos de prevenci&oacute;n de la violencia urbana y el delito.<\/p>\n<p>En el primer taller&nbsp;sobre Desarrollo y Urbanismo Integral<em>&nbsp;<\/em>participaron destacados disertantes de otros pa&iacute;ses y del medio local. Asistieron tambi&eacute;n intendentes de departamentos miembros de Unicipio. En el segundo, sobre Cambio Clim&aacute;tico y Medio Ambiente, se abord&oacute; la tem&aacute;tica a nivel mundial y particularmente experiencias de resiliencia de las comunidades de la regi&oacute;n para encarar los nuevos desaf&iacute;os econ&oacute;micos y sociales que plantea el cambio clim&aacute;tico, entre otras problem&aacute;ticas futuras y actuales.<\/p>\n<p>El pr&oacute;ximo y &uacute;ltimo encuentro -previsto con modalidad de seminario- tratar&aacute; el tema de Gobernanza de las &aacute;reas metropolitanas&nbsp;y&nbsp;est&aacute; programado para la pr&oacute;xima semana, en d&iacute;a a confirmar.<\/p>\n<\/body><\/html>\n","protected":false},"excerpt":{"rendered":"La jornada estuvo dedicada a temas como el espacio p\u00fablico para mejorar la seguridad ciudadana, la pertenencia y arraigo a la metr\u00f3polis, la educaci\u00f3n vial, la accesibilidad y los riesgos en el \u00c1rea Metropolitana.","protected":false},"author":3,"featured_media":60107,"comment_status":"open","ping_status":"open","sticky":false,"template":"","format":"standard","meta":[],"categories":[3,1792],"tags":[],"_links":{"self":[{"href":"https:\/\/www.mendoza.gov.ar\/prensa\/wp-json\/wp\/v2\/posts\/60104"}],"collection":[{"href":"https:\/\/www.mendoza.gov.ar\/prensa\/wp-json\/wp\/v2\/posts"}],"about":[{"href":"https:\/\/www.mendoza.gov.ar\/prensa\/wp-json\/wp\/v2\/types\/post"}],"author":[{"embeddable":true,"href":"https:\/\/www.mendoza.gov.ar\/prensa\/wp-json\/wp\/v2\/users\/3"}],"replies":[{"embeddable":true,"href":"https:\/\/www.mendoza.gov.ar\/prensa\/wp-json\/wp\/v2\/comments?post=60104"}],"version-history":[{"count":1,"href":"https:\/\/www.mendoza.gov.ar\/prensa\/wp-json\/wp\/v2\/posts\/60104\/revisions"}],"predecessor-version":[{"id":175756,"href":"https:\/\/www.mendoza.gov.ar\/prensa\/wp-json\/wp\/v2\/posts\/60104\/revisions\/175756"}],"wp:featuredmedia":[{"embeddable":true,"href":"https:\/\/www.mendoza.gov.ar\/prensa\/wp-json\/wp\/v2\/media\/60107"}],"wp:attachment":[{"href":"https:\/\/www.mendoza.gov.ar\/prensa\/wp-json\/wp\/v2\/media?parent=60104"}],"wp:term":[{"taxonomy":"category","embeddable":true,"href":"https:\/\/www.mendoza.gov.ar\/prensa\/wp-json\/wp\/v2\/categories?post=60104"},{"taxonomy":"post_tag","embeddable":true,"href":"https:\/\/www.mendoza.gov.ar\/prensa\/wp-json\/wp\/v2\/tags?post=60104"}],"curies":[{"name":"wp","href":"https:\/\/api.w.org\/{rel}","templated":true}]}}