{"id":60110,"date":"2016-07-02T09:30:15","date_gmt":"2016-07-02T12:30:15","guid":{"rendered":"http:\/\/prensa.mendoza.gov.ar\/?p=60110"},"modified":"2016-07-02T09:30:15","modified_gmt":"2016-07-02T12:30:15","slug":"se-realizo-una-capacitacion-sobre-la-conservacion-y-el-manejo-de-muercielagos-en-espacios-urbanos","status":"publish","type":"post","link":"https:\/\/www.mendoza.gov.ar\/prensa\/se-realizo-una-capacitacion-sobre-la-conservacion-y-el-manejo-de-muercielagos-en-espacios-urbanos\/","title":{"rendered":"Se realiz\u00f3 una capacitaci\u00f3n sobre conservaci\u00f3n y manejo de murci\u00e9lagos en espacios urbanos"},"content":{"rendered":"<!DOCTYPE html PUBLIC \"-\/\/W3C\/\/DTD HTML 4.0 Transitional\/\/EN\" \"http:\/\/www.w3.org\/TR\/REC-html40\/loose.dtd\">\n<html><body><p>En el marco de Biodiversidad de los Ecosistemas, la Secretar&iacute;a de Ambiente y Ordenamiento territorial, a trav&eacute;s de la Direcci&oacute;n de Recursos Naturales, realiz&oacute; en la Fundaci&oacute;n Rural una charla sobre &ldquo;conservaci&oacute;n y manejo de poblaciones de murci&eacute;lagos en espacios urbanos&rdquo;. Estuvo dirigida a un p&uacute;blico especifico integrado por empresas de saneamiento de la provincia de Mendoza y personal de oficinas de saneamiento, zoonosis y&nbsp;control ambiental de los municipios.<\/p>\n<p>El secretario de Ambiente y Ordenamiento Territorial, Humberto Mingorance, recalc&oacute;: &ldquo;El objetivo de esta charla fue informar sobre el importante rol que cumplen los murci&eacute;lagos refugiados en nuestra ciudad como controladores biol&oacute;gicos de insectos voladores, e implementar m&eacute;todos de exclusi&oacute;n que eviten la muerte de estos animales&rdquo;.&nbsp;Y agreg&oacute; que para ello se convoc&oacute; a dos especialistas en la tem&aacute;tica: &ldquo;Por un lado, convocamos al veterinario&nbsp;Manuel Godoy, quien tiene vasta experiencia en este campo, y por otro lado a Pablo Cuello, investigador del sector cient&iacute;fico&rdquo; (Iadiza-CCT).<\/p>\n<p>En la charla se&nbsp;propuso&nbsp;debatir sobre estrategias para promover la conservaci&oacute;n de murci&eacute;lagos en espacios urbanos.<\/p>\n<p>Hugo Ascencio, jefe del Departamento de Fauna, se&ntilde;al&oacute; que se desprendieron las siguientes iniciativas: &ldquo;Generar material de difusi&oacute;n&nbsp;y&nbsp;educaci&oacute;n para concientizar e informar sobre el rol de los murci&eacute;lagos y sobre la metodolog&iacute;a de exclusi&oacute;n no letal y tambi&eacute;n sentar las bases en una norma legal que regule dicha metodolog&iacute;a&rdquo;.<\/p>\n<p>La integraci&oacute;n del sector privado, el sector cient&iacute;fico y el Gobierno provincial permiti&oacute; en un &aacute;mbito de discusi&oacute;n fortalecer y generar herramientas de trabajo con un consenso entre todos y un mayor compromiso.<\/p>\n<\/body><\/html>\n","protected":false},"excerpt":{"rendered":"Durante la charla realizada por la Direcci\u00f3n de Recursos Naturales Renovables se destac\u00f3 el importante rol que cumplen los murci\u00e9lagos refugiados en nuestra ciudad como controladores biol\u00f3gicos de insectos voladores. Se busca implementar m\u00e9todos de exclusi\u00f3n que eviten la muerte de estos animales.","protected":false},"author":3,"featured_media":60113,"comment_status":"open","ping_status":"open","sticky":false,"template":"","format":"standard","meta":[],"categories":[3],"tags":[],"_links":{"self":[{"href":"https:\/\/www.mendoza.gov.ar\/prensa\/wp-json\/wp\/v2\/posts\/60110"}],"collection":[{"href":"https:\/\/www.mendoza.gov.ar\/prensa\/wp-json\/wp\/v2\/posts"}],"about":[{"href":"https:\/\/www.mendoza.gov.ar\/prensa\/wp-json\/wp\/v2\/types\/post"}],"author":[{"embeddable":true,"href":"https:\/\/www.mendoza.gov.ar\/prensa\/wp-json\/wp\/v2\/users\/3"}],"replies":[{"embeddable":true,"href":"https:\/\/www.mendoza.gov.ar\/prensa\/wp-json\/wp\/v2\/comments?post=60110"}],"version-history":[{"count":0,"href":"https:\/\/www.mendoza.gov.ar\/prensa\/wp-json\/wp\/v2\/posts\/60110\/revisions"}],"wp:featuredmedia":[{"embeddable":true,"href":"https:\/\/www.mendoza.gov.ar\/prensa\/wp-json\/wp\/v2\/media\/60113"}],"wp:attachment":[{"href":"https:\/\/www.mendoza.gov.ar\/prensa\/wp-json\/wp\/v2\/media?parent=60110"}],"wp:term":[{"taxonomy":"category","embeddable":true,"href":"https:\/\/www.mendoza.gov.ar\/prensa\/wp-json\/wp\/v2\/categories?post=60110"},{"taxonomy":"post_tag","embeddable":true,"href":"https:\/\/www.mendoza.gov.ar\/prensa\/wp-json\/wp\/v2\/tags?post=60110"}],"curies":[{"name":"wp","href":"https:\/\/api.w.org\/{rel}","templated":true}]}}