{"id":60240,"date":"2016-07-03T19:22:04","date_gmt":"2016-07-03T22:22:04","guid":{"rendered":"http:\/\/prensa.mendoza.gov.ar\/?p=60240"},"modified":"2016-07-03T19:22:04","modified_gmt":"2016-07-03T22:22:04","slug":"fallecio-el-oso-polar-arturo","status":"publish","type":"post","link":"https:\/\/www.mendoza.gov.ar\/prensa\/fallecio-el-oso-polar-arturo\/","title":{"rendered":"Falleci\u00f3 el oso polar Arturo"},"content":{"rendered":"<!DOCTYPE html PUBLIC \"-\/\/W3C\/\/DTD HTML 4.0 Transitional\/\/EN\" \"http:\/\/www.w3.org\/TR\/REC-html40\/loose.dtd\">\n<html><body><p>Esta tarde falleci&oacute; el oso polar Arturo, en el Zool&oacute;gico de Mendoza. Arturo era un animal de casi 31 a&ntilde;os de edad y con un promedio de vida superador a lo habitual de esta especie en un contexto de encierro, puesto que en h&aacute;bitat natural el promedio de vida se extiende hasta los 20 a&ntilde;os y en contexto de encierro logran llegar a los 26 a&ntilde;os aproximadamente. Con 8 a&ntilde;os de edad lleg&oacute; al Zool&oacute;gico de la provincia en 1993 y pas&oacute; 22 a&ntilde;os de su vida en este paseo cuidado y atendido por el personal que lo acompa&ntilde;&oacute; en su crecimiento. El preciado animal falleci&oacute; por un desbalance hemodin&aacute;mico, lo que desencaden&oacute; en una descompensaci&oacute;n multisist&eacute;mica.<\/p>\n<p>Desde el viernes, los funcionarios de la Secretar&iacute;a de Ambiente y Ordenamiento territorial, al mando de Humberto Mingorance, junto a parte del equipo de veterinarios del paseo y la Unidad Fiscal de Medio ambiente de Naci&oacute;n (Ufima), acompa&ntilde;aron al oso &nbsp;polar, contemplando la posibilidad de dormirlo para evitarle sufrimiento, ya agotadas todas las instancias de tratamientos, pero la naturaleza sigui&oacute; su curso y esta tarde falleci&oacute;.<\/p>\n<p>Tal como ya se hab&iacute;a anunciado con anterioridad, Arturo hab&iacute;a entrado en un proceso de descompensaci&oacute;n y deterioro marcado irreversible. Su salud fue decayendo y empeorando r&aacute;pidamente.<\/p>\n<p>Durante los &uacute;ltimos d&iacute;as, el oso polar presentaba un cuadro m&eacute;dico terminal grave por su avanzada edad y diversas complicaciones f&iacute;sicas de deterioro. Entre otras, p&eacute;rdida total de apetito, consecuente disminuci&oacute;n de su peso y p&eacute;rdida de visi&oacute;n y olfato.<\/p>\n<p>El &uacute;ltimo parte m&eacute;dico presentado por el cuerpo m&eacute;dico veterinario del Zool&oacute;gico provincial indic&oacute; que el animal permanec&iacute;a poco reactivo con m&iacute;nima respuesta a est&iacute;mulos y depresi&oacute;n marcada de su sistema nervioso central.<\/p>\n<p>Los estudios que se le realizaron en el &uacute;ltimo tiempo indicaron la presencia de oste&oacute;lisis del hueso nasal, es decir, desgaste del hueso, producido por infecci&oacute;n, ya que se determin&oacute; presencia de bacterias y hongos en la zona, por lo que se le realiz&oacute; un tratamiento antibi&oacute;tico prolongado.<\/p>\n<p>La inspecci&oacute;n ocular revel&oacute; una p&eacute;rdida de visi&oacute;n cr&oacute;nica en el ojo derecho, probablemente de larga data y asociada a su edad. El ojo izquierdo no pudo ser examinado debido a la inflamaci&oacute;n que presentaba, producto del cuadro general infeccioso observado y que luego termin&oacute; con una ceguera total.<\/p>\n<p>La Secretar&iacute;a de Ambiente y Ordenamiento Territorial destac&oacute; la labor y el carisma de todo el personal del paseo y de las organizaciones no gubernamentales tanto nacionales como internacionales que colaboraron con asistencia t&eacute;cnica&nbsp;para el diagn&oacute;stico y el tratamiento del oso Arturo.<\/p>\n<p>Tambi&eacute;n, la secretar&iacute;a extiende su agradecimiento a la Asociaci&oacute;n Amigos del Oso Polar Arturo, que estuvo presente en cada momento del diagn&oacute;stico y el tratamiento del oso.<\/p>\n<p><strong>&nbsp;Notas relacionadas: &nbsp;<\/strong><\/p>\n<p><a href=\"https:\/\/www.mendoza.gov.ar\/prensa\/por-su-avanzada-edad-la-salud-del-oso-polar-arturo-vuelve-a-presentar-un-cuadro-delicado\/\" target=\"_blank\">Por su avanzada edad, la salud del oso polar Arturo vuelve a presentar un cuadro delicado<\/a><\/p>\n<p><a href=\"https:\/\/www.mendoza.gov.ar\/prensa\/ambiente-anuncio-las-directrices-del-plan-de-reconversion-para-el-zoologico-provincial\/\" target=\"_blank\">Ambiente anunci&oacute; las directrices del plan de reconversi&oacute;n para el Zool&oacute;gico provincial<\/a><\/p>\n<p>&nbsp;<\/p>\n<p>&nbsp;<\/p>\n<p>&nbsp;<\/p>\n<\/body><\/html>\n","protected":false},"excerpt":{"rendered":"El oso polar presentaba un cuadro cl\u00ednico terminal debido a su avanzada edad. Pese a todo lo realizado por el cuerpo m\u00e9dico veterinario el animal, desde hac\u00eda varios d\u00edas, hab\u00eda entrado en un proceso de descompensaci\u00f3n y deterioro marcado irreversible. El viernes el equipo de veterinarios y los funcionarios de Ambiente se apostaron junto al animal para acompa\u00f1arlo y que su deceso fuera tranquilo.","protected":false},"author":3,"featured_media":60241,"comment_status":"open","ping_status":"open","sticky":false,"template":"","format":"standard","meta":[],"categories":[3],"tags":[],"_links":{"self":[{"href":"https:\/\/www.mendoza.gov.ar\/prensa\/wp-json\/wp\/v2\/posts\/60240"}],"collection":[{"href":"https:\/\/www.mendoza.gov.ar\/prensa\/wp-json\/wp\/v2\/posts"}],"about":[{"href":"https:\/\/www.mendoza.gov.ar\/prensa\/wp-json\/wp\/v2\/types\/post"}],"author":[{"embeddable":true,"href":"https:\/\/www.mendoza.gov.ar\/prensa\/wp-json\/wp\/v2\/users\/3"}],"replies":[{"embeddable":true,"href":"https:\/\/www.mendoza.gov.ar\/prensa\/wp-json\/wp\/v2\/comments?post=60240"}],"version-history":[{"count":0,"href":"https:\/\/www.mendoza.gov.ar\/prensa\/wp-json\/wp\/v2\/posts\/60240\/revisions"}],"wp:featuredmedia":[{"embeddable":true,"href":"https:\/\/www.mendoza.gov.ar\/prensa\/wp-json\/wp\/v2\/media\/60241"}],"wp:attachment":[{"href":"https:\/\/www.mendoza.gov.ar\/prensa\/wp-json\/wp\/v2\/media?parent=60240"}],"wp:term":[{"taxonomy":"category","embeddable":true,"href":"https:\/\/www.mendoza.gov.ar\/prensa\/wp-json\/wp\/v2\/categories?post=60240"},{"taxonomy":"post_tag","embeddable":true,"href":"https:\/\/www.mendoza.gov.ar\/prensa\/wp-json\/wp\/v2\/tags?post=60240"}],"curies":[{"name":"wp","href":"https:\/\/api.w.org\/{rel}","templated":true}]}}