{"id":60260,"date":"2016-07-04T16:11:53","date_gmt":"2016-07-04T19:11:53","guid":{"rendered":"http:\/\/prensa.mendoza.gov.ar\/?p=60260"},"modified":"2016-07-04T16:11:53","modified_gmt":"2016-07-04T19:11:53","slug":"un-desbalance-hemodinamico-causo-la-muerte-del-oso-polar","status":"publish","type":"post","link":"https:\/\/www.mendoza.gov.ar\/prensa\/un-desbalance-hemodinamico-causo-la-muerte-del-oso-polar\/","title":{"rendered":"Un desbalance hemodin\u00e1mico caus\u00f3 la muerte del oso polar"},"content":{"rendered":"<!DOCTYPE html PUBLIC \"-\/\/W3C\/\/DTD HTML 4.0 Transitional\/\/EN\" \"http:\/\/www.w3.org\/TR\/REC-html40\/loose.dtd\">\n<html><body><p>El secretario de Ambiente y Ordenamiento Territorial, Humberto Mingorance, junto al m&eacute;dico veterinario que atendi&oacute; la salud del oso Arturo, Oscar R&iacute;os, brindaron una conferencia de prensa para explicar las causas de la&nbsp;muerte del animal, ocurrida ayer a&nbsp;la tarde.<\/p>\n<p>El domingo, a las cuatro de la tarde, el animal fue encontrado en el Zool&oacute;gico de Mendoza por&nbsp;uno de los veterinarios que realizaba la correspondiente ronda de control, quien dio aviso a personal del &aacute;rea, que constat&oacute; la&nbsp;muerte.<\/p>\n<p>Arturo falleci&oacute; por un desbalance hemodin&aacute;mico, lo que desencaden&oacute; en una descompensaci&oacute;n multisist&eacute;mica.<\/p>\n<p>&ldquo;Hay que valorar el cuidado que se le dio al oso desde el equipo de veterinarios y la preocupaci&oacute;n de toda la poblaci&oacute;n mendocina y de organizaciones de Buenos Aires que se pusieron a disposici&oacute;n y colaboraron con estudios y medicaci&oacute;n&rdquo;, coment&oacute; Mingorance en la ronda de prensa.<\/p>\n<p>Por su parte, R&iacute;os explic&oacute; el avance de la enfermedad de Arturo: &ldquo;En marzo comenzamos a notar una secreci&oacute;n mucosa por la nariz, de la cual se tomaron muestras y all&iacute; encontramos bacterias y hongos, por eso lo medicamos. Luego el oso mostr&oacute; dificultades para comer&rdquo;.<\/p>\n<p>&ldquo;En mayo se realiz&oacute; una inmovilizaci&oacute;n qu&iacute;mica junto al personal de Temaiken y los resultados mostraron oste&oacute;losis en el hueso nasal, lo cual repercuti&oacute; en &oacute;rganos aleda&ntilde;os, como los ojos, y le trajo consecuencias graves, como la p&eacute;rdida de la capacidad olfatoria, cataratas avanzadas en los ojos, y qued&oacute; ciego a fin de ese mes&rdquo;, agreg&oacute; el profesional.<\/p>\n<p>Desde la direcci&oacute;n del Zool&oacute;gico provincial, se estaba pensado en realizar una eutanasia para evitar el sufrimiento del animal. Finalmente, Arturo muri&oacute;, de forma natural, el domingo a&nbsp;la tarde.<\/p>\n<p>Esta ma&ntilde;ana el cuerpo del oso fue trasladado y en estos momentos se realiza la necropsia.<\/p>\n<p><strong>Los &uacute;ltimos&nbsp;d&iacute;as<\/strong><\/p>\n<p>En la &uacute;ltima quincena, la salud del oso Arturo hab&iacute;a&nbsp;entrado en un proceso de descompensaci&oacute;n y deterioro marcado irreversible. Durante los &uacute;ltimos d&iacute;as, el animal presentaba un cuadro m&eacute;dico terminal grave por su avanzada edad y diversas complicaciones f&iacute;sicas de deterioro. Entre otras, p&eacute;rdida total de apetito, consecuente disminuci&oacute;n de peso y p&eacute;rdida de visi&oacute;n y olfato.<\/p>\n<p>El &uacute;ltimo parte m&eacute;dico presentado por el cuerpo m&eacute;dico veterinario del Zool&oacute;gico provincial indic&oacute; que el animal permanec&iacute;a poco reactivo, con m&iacute;nima respuesta a est&iacute;mulos y depresi&oacute;n marcada de su sistema nervioso central.<\/p>\n<p>Arturo era un animal de casi 31 a&ntilde;os de edad, que supera el promedio de vida habitual de esta especie en&nbsp;cautiverio.<\/p>\n<p>&nbsp;<\/p>\n<p>&nbsp;<\/p>\n<\/body><\/html>\n","protected":false},"excerpt":{"rendered":"Arturo, de 31 a\u00f1os, con un promedio de vida que supera al habitual de esta especie en un contexto de encierro, hab\u00eda desmejorado notablemente en los \u00faltimos 15 d\u00edas.","protected":false},"author":3,"featured_media":60265,"comment_status":"closed","ping_status":"closed","sticky":false,"template":"","format":"standard","meta":[],"categories":[3],"tags":[],"_links":{"self":[{"href":"https:\/\/www.mendoza.gov.ar\/prensa\/wp-json\/wp\/v2\/posts\/60260"}],"collection":[{"href":"https:\/\/www.mendoza.gov.ar\/prensa\/wp-json\/wp\/v2\/posts"}],"about":[{"href":"https:\/\/www.mendoza.gov.ar\/prensa\/wp-json\/wp\/v2\/types\/post"}],"author":[{"embeddable":true,"href":"https:\/\/www.mendoza.gov.ar\/prensa\/wp-json\/wp\/v2\/users\/3"}],"replies":[{"embeddable":true,"href":"https:\/\/www.mendoza.gov.ar\/prensa\/wp-json\/wp\/v2\/comments?post=60260"}],"version-history":[{"count":0,"href":"https:\/\/www.mendoza.gov.ar\/prensa\/wp-json\/wp\/v2\/posts\/60260\/revisions"}],"wp:featuredmedia":[{"embeddable":true,"href":"https:\/\/www.mendoza.gov.ar\/prensa\/wp-json\/wp\/v2\/media\/60265"}],"wp:attachment":[{"href":"https:\/\/www.mendoza.gov.ar\/prensa\/wp-json\/wp\/v2\/media?parent=60260"}],"wp:term":[{"taxonomy":"category","embeddable":true,"href":"https:\/\/www.mendoza.gov.ar\/prensa\/wp-json\/wp\/v2\/categories?post=60260"},{"taxonomy":"post_tag","embeddable":true,"href":"https:\/\/www.mendoza.gov.ar\/prensa\/wp-json\/wp\/v2\/tags?post=60260"}],"curies":[{"name":"wp","href":"https:\/\/api.w.org\/{rel}","templated":true}]}}