{"id":60385,"date":"2016-07-08T16:55:34","date_gmt":"2016-07-08T19:55:34","guid":{"rendered":"http:\/\/prensa.mendoza.gov.ar\/?p=60385"},"modified":"2016-07-08T16:55:34","modified_gmt":"2016-07-08T19:55:34","slug":"mendoza-celebra-200-anos-de-independencia","status":"publish","type":"post","link":"https:\/\/www.mendoza.gov.ar\/prensa\/mendoza-celebra-200-anos-de-independencia\/","title":{"rendered":"Mendoza celebra los 200 a\u00f1os de la Independencia"},"content":{"rendered":"<!DOCTYPE html PUBLIC \"-\/\/W3C\/\/DTD HTML 4.0 Transitional\/\/EN\" \"http:\/\/www.w3.org\/TR\/REC-html40\/loose.dtd\">\n<html><body><p>Este s&aacute;bado se desarrollar&aacute;n en Mendoza los actos oficiales por el Bicentenario de la Independencia. Ser&aacute;n encabezados por la vicegobernadora Laura Montero, quien estar&aacute; acompa&ntilde;ada por los ministros del Ejecutivo provincial.<\/p>\n<p>De forma paralela, el Gobernador Alfredo Cornejo participar&aacute; junto al Presidente de la Naci&oacute;n, Mauricio Macri, del acto oficial que se realizar&aacute; en la Casa de Gobierno de Tucum&aacute;n, junto a otros gobernadores y autoridades nacionales.<\/p>\n<p>Se estima que en Tucum&aacute;n, a las 8 de la ma&ntilde;ana del s&aacute;bado sea el desayuno, a las 9 el izamiento de la Bandera, a las 10 el Tedeum y a las 11.30 el acto en la Casa Hist&oacute;rica, para que llegado el mediod&iacute;a el Presidente tome la palabra p&uacute;blicamente. Luego se realizar&aacute; el desfile c&iacute;vico-militar.<\/p>\n<p><strong>Cronograma de actividades oficiales en Mendoza<\/strong><\/p>\n<p><strong>S&aacute;bado 9 de Julio<\/strong><\/p>\n<p>A las&nbsp;9: Toque de Diana, en el domicilio de la se&ntilde;ora vicegobernadora, Laura Montero, calle Las Cortaderas entre Malvinas y El Rosedal de Lujan de Cuyo.<\/p>\n<p>A las&nbsp;10: Acto Protocolar, con la recepci&oacute;n de banderas y la entonaci&oacute;n del Himno a cargo de la Banda Talcahuano y la presentaci&oacute;n de la <em>Canci&oacute;n del Bicentenario<\/em>. Ser&aacute; en el Monumento al Ej&eacute;rcito de los Andes, en la cima del Cerro de la Gloria, Parque General San Mart&iacute;n de Ciudad.<\/p>\n<p>A las&nbsp;11.30: Desfile Patrio, desde&nbsp;los Portones del Parque General&nbsp;San Mart&iacute;n hasta la Plaza Independencia de Ciudad.<\/p>\n<p>A las 14.30: Comienzan las actividades de cierre con el acto art&iacute;stico en la Plaza Independencia de Ciudad. Pedro Aznar, junto a Vitale-Baglietto, ser&aacute;n parte del espect&aacute;culo.<\/p>\n<p><strong>Cortes de calles<\/strong><\/p>\n<p>Con motivo de los actos del Bicentenario , este&nbsp;s&aacute;bado, desde las 7:00 a &nbsp;las 15.00 aproximadamente se cortar&aacute; el tr&aacute;nsito en calle Emilio Civit desde los portones del Parque hasta Sarmiento y Chile. Tambi&eacute;n se cortar&aacute; el paso en calle 25 de mayo entre Espejo y Rivadavia.<\/p>\n<\/body><\/html>\n","protected":false},"excerpt":{"rendered":"Se realizar\u00e1n los actos oficiales por el Bicentenario, en el teatro y en la plaza Independencia y en el Cerro de la Gloria. Adem\u00e1s, se retoma la tradicional ceremonia del Cambio de Guardia de la Bandera del Ej\u00e9rcito de los Andes, en el Memorial de Bandera.","protected":false},"author":3,"featured_media":60388,"comment_status":"open","ping_status":"open","sticky":false,"template":"","format":"standard","meta":[],"categories":[19],"tags":[],"_links":{"self":[{"href":"https:\/\/www.mendoza.gov.ar\/prensa\/wp-json\/wp\/v2\/posts\/60385"}],"collection":[{"href":"https:\/\/www.mendoza.gov.ar\/prensa\/wp-json\/wp\/v2\/posts"}],"about":[{"href":"https:\/\/www.mendoza.gov.ar\/prensa\/wp-json\/wp\/v2\/types\/post"}],"author":[{"embeddable":true,"href":"https:\/\/www.mendoza.gov.ar\/prensa\/wp-json\/wp\/v2\/users\/3"}],"replies":[{"embeddable":true,"href":"https:\/\/www.mendoza.gov.ar\/prensa\/wp-json\/wp\/v2\/comments?post=60385"}],"version-history":[{"count":0,"href":"https:\/\/www.mendoza.gov.ar\/prensa\/wp-json\/wp\/v2\/posts\/60385\/revisions"}],"wp:featuredmedia":[{"embeddable":true,"href":"https:\/\/www.mendoza.gov.ar\/prensa\/wp-json\/wp\/v2\/media\/60388"}],"wp:attachment":[{"href":"https:\/\/www.mendoza.gov.ar\/prensa\/wp-json\/wp\/v2\/media?parent=60385"}],"wp:term":[{"taxonomy":"category","embeddable":true,"href":"https:\/\/www.mendoza.gov.ar\/prensa\/wp-json\/wp\/v2\/categories?post=60385"},{"taxonomy":"post_tag","embeddable":true,"href":"https:\/\/www.mendoza.gov.ar\/prensa\/wp-json\/wp\/v2\/tags?post=60385"}],"curies":[{"name":"wp","href":"https:\/\/api.w.org\/{rel}","templated":true}]}}