{"id":60445,"date":"2016-07-06T14:16:11","date_gmt":"2016-07-06T17:16:11","guid":{"rendered":"http:\/\/prensa.mendoza.gov.ar\/?p=60445"},"modified":"2016-07-06T14:16:11","modified_gmt":"2016-07-06T17:16:11","slug":"los-restos-del-oso-polar-arturo-seran-enterrados-en-el-zoologico-de-mendoza","status":"publish","type":"post","link":"https:\/\/www.mendoza.gov.ar\/prensa\/los-restos-del-oso-polar-arturo-seran-enterrados-en-el-zoologico-de-mendoza\/","title":{"rendered":"Los restos del oso polar Arturo ser\u00e1n enterrados en el Zool\u00f3gico de Mendoza"},"content":{"rendered":"<!DOCTYPE html PUBLIC \"-\/\/W3C\/\/DTD HTML 4.0 Transitional\/\/EN\" \"http:\/\/www.w3.org\/TR\/REC-html40\/loose.dtd\">\n<html><body><p>La Secretar&iacute;a de Ambiente y Ordenamiento Territorial comunic&oacute; esta ma&ntilde;ana que el cuerpo del oso polar Arturo descansar&aacute; en las laderas del Cerro de la Gloria.<\/p>\n<p>Los restos ser&aacute;n enterrados en el Zool&oacute;gico provincial&nbsp;ante escribana p&uacute;blica y desde el &aacute;rea desmintieron las versiones de cremaci&oacute;n.<\/p>\n<p>La posibilidad de realizar una taxidermia fue descartada por los t&eacute;cnicos, quienes expresaron que las condiciones en las que se encontraba el cuerpo del oso, consecuencia de su avanzada edad, no eran las &oacute;ptimas para realizar el procedimiento.<\/p>\n<p>Respecto de&nbsp;la idea de que sea embalsamado, el secretario de la cartera, Humberto Mingorance, manifest&oacute; que no es lo correcto exponer los restos del animal teniendo en cuenta&nbsp;el cambio de paradigma en cuanto a los zool&oacute;gicos y la exhibici&oacute;n&nbsp;de animales para entretenimiento p&uacute;blico.<\/p>\n<p>&nbsp;<\/p>\n<\/body><\/html>\n","protected":false},"excerpt":{"rendered":"La decisi\u00f3n fue tomada por la Secretar\u00eda de Ambiente y Ordenamiento Territorial a trav\u00e9s de la Direcci\u00f3n del Jard\u00edn Zool\u00f3gico.","protected":false},"author":3,"featured_media":60448,"comment_status":"open","ping_status":"open","sticky":false,"template":"","format":"standard","meta":[],"categories":[3],"tags":[],"_links":{"self":[{"href":"https:\/\/www.mendoza.gov.ar\/prensa\/wp-json\/wp\/v2\/posts\/60445"}],"collection":[{"href":"https:\/\/www.mendoza.gov.ar\/prensa\/wp-json\/wp\/v2\/posts"}],"about":[{"href":"https:\/\/www.mendoza.gov.ar\/prensa\/wp-json\/wp\/v2\/types\/post"}],"author":[{"embeddable":true,"href":"https:\/\/www.mendoza.gov.ar\/prensa\/wp-json\/wp\/v2\/users\/3"}],"replies":[{"embeddable":true,"href":"https:\/\/www.mendoza.gov.ar\/prensa\/wp-json\/wp\/v2\/comments?post=60445"}],"version-history":[{"count":0,"href":"https:\/\/www.mendoza.gov.ar\/prensa\/wp-json\/wp\/v2\/posts\/60445\/revisions"}],"wp:featuredmedia":[{"embeddable":true,"href":"https:\/\/www.mendoza.gov.ar\/prensa\/wp-json\/wp\/v2\/media\/60448"}],"wp:attachment":[{"href":"https:\/\/www.mendoza.gov.ar\/prensa\/wp-json\/wp\/v2\/media?parent=60445"}],"wp:term":[{"taxonomy":"category","embeddable":true,"href":"https:\/\/www.mendoza.gov.ar\/prensa\/wp-json\/wp\/v2\/categories?post=60445"},{"taxonomy":"post_tag","embeddable":true,"href":"https:\/\/www.mendoza.gov.ar\/prensa\/wp-json\/wp\/v2\/tags?post=60445"}],"curies":[{"name":"wp","href":"https:\/\/api.w.org\/{rel}","templated":true}]}}