{"id":60566,"date":"2016-07-07T16:26:58","date_gmt":"2016-07-07T19:26:58","guid":{"rendered":"http:\/\/prensa.mendoza.gov.ar\/?p=60566"},"modified":"2016-07-07T16:26:58","modified_gmt":"2016-07-07T19:26:58","slug":"cornejo-buscamos-que-los-servicios-que-prestan-los-municipios-sean-mas-eficientes-y-eficaces","status":"publish","type":"post","link":"https:\/\/www.mendoza.gov.ar\/prensa\/cornejo-buscamos-que-los-servicios-que-prestan-los-municipios-sean-mas-eficientes-y-eficaces\/","title":{"rendered":"Cornejo: \u201cBuscamos que los servicios que prestan los municipios sean m\u00e1s eficientes y eficaces\u201d"},"content":{"rendered":"<!DOCTYPE html PUBLIC \"-\/\/W3C\/\/DTD HTML 4.0 Transitional\/\/EN\" \"http:\/\/www.w3.org\/TR\/REC-html40\/loose.dtd\">\n<html><body><p>Acompa&ntilde;ado por&nbsp;&nbsp;el&nbsp;secretario de Ambiente y Ordenamiento Territorial, Humberto Mingorance,&nbsp;y el rector de la Universidad Nacional de Cuyo, Daniel Pizzi, el Gobernador Alfredo Cornejo firm&oacute; un convenio de colaboraci&oacute;n para contribuir con asistencia t&eacute;cnica al desarrollo integral de Unicipio en la Nave Universitaria. Tambi&eacute;n particip&oacute; de la firma el presidente de la Fundaci&oacute;n Nacional de Cuyo, Hector Smud.<\/p>\n<p>Durante la actividad, que fue transmitida en directo por el portal Unidiversidad, el Gobernador asegur&oacute;: &ldquo;Es un desaf&iacute;o para estos cuatro&nbsp;a&ntilde;os de gesti&oacute;n que podamos tener una ciudad m&aacute;s arm&oacute;nica, m&aacute;s integrada, donde los municipios ejerzan el pleno derecho de autonom&iacute;a con servicios eficientes y eficaces&rdquo;.<\/p>\n<p>Luego explic&oacute; la importancia del acuerdo, puesto que la Universidad con sus saberes te&oacute;ricos y pr&aacute;cticos, realizar&aacute; la asistencia&nbsp; t&eacute;cnica, poniendo a disposici&oacute;n los recursos intelectuales para colaborar en el proceso de desarrollo de Unicipio. El&nbsp;mandatario afirm&oacute;: &ldquo;Parece f&aacute;cil pero requiere de mucho esfuerzo, trabajo y colaboraci&oacute;n&rdquo;.<\/p>\n<p>Para finalizar,&nbsp;Alfredo Cornejo llam&oacute; a todas las partes &ldquo;a comprometerse para tener un ciudad m&aacute;s prospera y mejor administrada&rdquo;.<\/p>\n<p>Previo a la actividad, y bajo el lema &ldquo;La gobernanza en los territorios metropolitanos&rdquo;, varios especialistas participaron de un seminario para identificar los temas comunes de los municipios del &Aacute;rea Metropolitana y el grado de relevancia de esos asuntos para elaborar un plan estrat&eacute;gico de integraci&oacute;n departamental.<\/p>\n<p>Con la jornada finaliz&oacute; un ciclo de talleres&nbsp;sobre la tem&aacute;tica que arranc&oacute; a principios de junio con el prop&oacute;sito de contribuir al desarrollo integral sustentable de las comunas de Capital, Godoy Cruz, Luj&aacute;n de Cuyo, Maip&uacute;, Guaymall&eacute;n, Lavalle y Las Heras.<\/p>\n<p>&nbsp;<\/p>\n<\/body><\/html>\n","protected":false},"excerpt":{"rendered":"\u201cEs un desaf\u00edo para los pr\u00f3ximos cuatro a\u00f1os de gesti\u00f3n tener una ciudad arm\u00f3nica e integrada\u201d. As\u00ed lo asegur\u00f3 el Gobernador de Mendoza durante la firma de un convenio con la UNCuyo de asistencia t\u00e9cnica para el desarrollo de Unicipio.","protected":false},"author":3,"featured_media":60593,"comment_status":"open","ping_status":"open","sticky":false,"template":"","format":"standard","meta":[],"categories":[19],"tags":[],"_links":{"self":[{"href":"https:\/\/www.mendoza.gov.ar\/prensa\/wp-json\/wp\/v2\/posts\/60566"}],"collection":[{"href":"https:\/\/www.mendoza.gov.ar\/prensa\/wp-json\/wp\/v2\/posts"}],"about":[{"href":"https:\/\/www.mendoza.gov.ar\/prensa\/wp-json\/wp\/v2\/types\/post"}],"author":[{"embeddable":true,"href":"https:\/\/www.mendoza.gov.ar\/prensa\/wp-json\/wp\/v2\/users\/3"}],"replies":[{"embeddable":true,"href":"https:\/\/www.mendoza.gov.ar\/prensa\/wp-json\/wp\/v2\/comments?post=60566"}],"version-history":[{"count":0,"href":"https:\/\/www.mendoza.gov.ar\/prensa\/wp-json\/wp\/v2\/posts\/60566\/revisions"}],"wp:featuredmedia":[{"embeddable":true,"href":"https:\/\/www.mendoza.gov.ar\/prensa\/wp-json\/wp\/v2\/media\/60593"}],"wp:attachment":[{"href":"https:\/\/www.mendoza.gov.ar\/prensa\/wp-json\/wp\/v2\/media?parent=60566"}],"wp:term":[{"taxonomy":"category","embeddable":true,"href":"https:\/\/www.mendoza.gov.ar\/prensa\/wp-json\/wp\/v2\/categories?post=60566"},{"taxonomy":"post_tag","embeddable":true,"href":"https:\/\/www.mendoza.gov.ar\/prensa\/wp-json\/wp\/v2\/tags?post=60566"}],"curies":[{"name":"wp","href":"https:\/\/api.w.org\/{rel}","templated":true}]}}