{"id":60770,"date":"2016-07-09T17:03:12","date_gmt":"2016-07-09T20:03:12","guid":{"rendered":"http:\/\/prensa.mendoza.gov.ar\/?p=60770"},"modified":"2016-07-09T17:03:12","modified_gmt":"2016-07-09T20:03:12","slug":"montero-asi-como-la-epopeya-de-1816-fue-conquistar-la-independencia-hoy-debemos-construir-una-democracia-mas-poderosa","status":"publish","type":"post","link":"https:\/\/www.mendoza.gov.ar\/prensa\/montero-asi-como-la-epopeya-de-1816-fue-conquistar-la-independencia-hoy-debemos-construir-una-democracia-mas-poderosa\/","title":{"rendered":"Montero: \u201cAs\u00ed como la epopeya de 1816 fue conquistar la independencia, hoy debemos construir una democracia m\u00e1s poderosa\u201d"},"content":{"rendered":"<!DOCTYPE html PUBLIC \"-\/\/W3C\/\/DTD HTML 4.0 Transitional\/\/EN\" \"http:\/\/www.w3.org\/TR\/REC-html40\/loose.dtd\">\n<html><body><p>Ante una multitud, la vicegobernadora Laura Montero encabez&oacute; los actos oficiales del 9 de Julio por el Bicentenario de la Independencia Argentina, al pie del Monumento al Ej&eacute;rcito de los Andes, en el Cerro de la Gloria.<\/p>\n<p>El acto comenz&oacute; minutos despu&eacute;s de las 10, con la participaci&oacute;n de alumnos&nbsp; abanderados de m&aacute;s de 60 escuelas del Gran Mendoza, federaciones gauchas y la banda Talcahuano. La vicegobernadora, el presidente de la C&aacute;mara de Diputados, N&eacute;stor Pares, y el intendente de Mendoza, Rodolfo Su&aacute;rez, izaron la Bandera nacional.<\/p>\n<p>Durante su discurso, la mandataria enalteci&oacute; la figura de nuestros pr&oacute;ceres Juan Agust&iacute;n Maza y Tom&aacute;s Godoy Cruz, representantes de Mendoza en el Congreso de 1816 en Tucum&aacute;n: &ldquo;Hoy rendimos homenaje a todos aquellos que hace 200 a&ntilde;os estuvieron dispuestos a morir para conquistar la soberan&iacute;a e independencia&nbsp; y heredarnos el pa&iacute;s que hoy tenemos&rdquo;<\/p>\n<p>&ldquo;Por eso no podemos quedarnos en un acto conmemorativo solamente. Tenemos &nbsp;que animarnos a trazar una l&iacute;nea de tiempo para mirar el futuro&rdquo;, alent&oacute; la mandataria.<\/p>\n<p>Montero remarc&oacute; que &ldquo;fueron las milicias ciudadanas las que repelieron las invasiones inglesas y las que se multiplicaron por todo el territorio, las que lograron forjar juntas de representaci&oacute;n y declararnos libres en 1810&rdquo; y seguir la lucha hasta declarar la Independencia en 1816.<\/p>\n<p>&ldquo;Fue en ese contexto que Mendoza tuvo el privilegio de recibir a su primer gobernador, el general San Mart&iacute;n, que sin duda nos imprimi&oacute; su sello y nos entreg&oacute; su legado, su inmenso legado&rdquo;, manifest&oacute; la vicegobernadora.<\/p>\n<p>Laura Montero, tras hablar de la historia, se refiri&oacute; a los tiempos actuales: &ldquo;Hoy nos encontramos con una realidad que muchas veces es dif&iacute;cil y nos tenemos que ocupar de la urgencia. Por eso es que con el Gobernador Alfredo Cornejo estamos muy comprometidos con Mendoza y con los mendocinos y sabemos que con planificaci&oacute;n, con organizaci&oacute;n, con buena ejecuci&oacute;n y con el control de todos los ciudadanos vamos a hacer un buen gobierno&rdquo;.<\/p>\n<p>&ldquo;El mayor desaf&iacute;o que tenemos es que debemos esforzarnos en poner una mirada compartida entre hombre y mujeres para &nbsp;hacer una Mendoza m&aacute;s humana y solidaria&rdquo;, argument&oacute;.<\/p>\n<p>&ldquo;As&iacute; como la epopeya de aquellos tiempos fue conquistar la libertad y la independencia que hoy celebramos, la epopeya de hoy pasa por construir una democracia m&aacute;s poderosa y eso se logra con participaci&oacute;n, con instituciones fuertes, y para esto hay herramientas y las estamos poniendo en discusi&oacute;n, como es la reforma de la Constituci&oacute;n&rdquo;, enfatiz&oacute;.<\/p>\n<p>Y agreg&oacute;: &ldquo;Nuestra epopeya tiene que ser integrar el territorio mendocino para que no haya ni un solo ni&ntilde;o que tenga hambre, ni un solo ni&ntilde;o ni una persona que no tenga acceso al sistema de salud, ni un solo ni&ntilde;o que no pueda ser educado para herrumbrar su futuro, que sea rico en oportunidades y en realizaciones personales y para esto debemos construir un plan entre todos, un Plan de Ordenamiento Territorial que nos lleve a desarrollar Mendoza, a prever la Mendoza del futuro&rdquo;.<\/p>\n<p>&ldquo;Debemos darles vida tambi&eacute;n a los oasis productivos, por lo que me hizo sentir orgullosa cuando los intendentes reclamaban m&aacute;s autonom&iacute;a municipal, eso tambi&eacute;n lo tenemos que prever y pensar&rdquo;, dijo la funcionaria.<\/p>\n<p>Finalmente, exhort&oacute; a la sociedad mendocina a mirar el futuro: &ldquo;Les pido que a trav&eacute;s de estas ideas seamos capaces de construir juntos ese futuro, que lo hagamos con vehemencia, con optimismo, con entusiasmo, con alegr&iacute;a en este bicentenario de la Patria y que tambi&eacute;n estemos dispuestos a transformar esos sue&ntilde;os en proyectos futuros&rdquo;<\/p>\n<p>En&nbsp;el acto oficial participaron junto a la vicegobernadora Laura Montero,&nbsp;los ministros: Gianni Venier, Dalmiro Garay, Rub&eacute;n Giacchi, Jaime Correas; &nbsp;los secretarios&nbsp;Diego Gareca, Gabriela Testa&nbsp;y&nbsp;Humberto Mingorance; los intendentes Rodolfo Su&aacute;rez, Gustavo Soto y Daniel Orozco; legisladores N&eacute;stor Pares, Juan Carlos Jaliff, Jorge Palero, Ernesto Mancinelli, Daniela Garc&iacute;a, Carolina Caroglio&nbsp;y&nbsp;Claudia Najul y alumnos y directivos de escuelas del Gran Mendoza.<\/p>\n<p><strong>Desfile patrio<\/strong><\/p>\n<p>Luego del acto en el Cerro de la Gloria, la&nbsp;vicegobernadora Montero particip&oacute; del Desfile C&iacute;vico Militar, que comenz&oacute; en los Portones del Parque General San Mart&iacute;n y finaliz&oacute; en la Plaza Independencia, por la calle Emilio Civit.<\/p>\n<p><strong>Toque de Diana<\/strong> <strong>de Gloria<\/strong><\/p>\n<p>A las 9 de la ma&ntilde;ana, como ya es tradici&oacute;n en los mendocinos, la vicegobernadora Laura Montero recibi&oacute; la &ldquo;Diana de Gloria&rdquo;&nbsp;en su domicilio&nbsp;junto a legisladores provinciales, en este hist&oacute;rico festejo de los 200 a&ntilde;os de Independencia.<\/p>\n<\/body><\/html>\n","protected":false},"excerpt":{"rendered":"La vicegobernadora ponder\u00f3 la figura de nuestros h\u00e9roes en su discurso por los 200 a\u00f1os de la Declaraci\u00f3n de la Independencia Argentina y propuso mirar el futuro pensando en fortalecer la democracia y las instituciones.","protected":false},"author":3,"featured_media":60772,"comment_status":"open","ping_status":"open","sticky":false,"template":"","format":"standard","meta":[],"categories":[1],"tags":[],"_links":{"self":[{"href":"https:\/\/www.mendoza.gov.ar\/prensa\/wp-json\/wp\/v2\/posts\/60770"}],"collection":[{"href":"https:\/\/www.mendoza.gov.ar\/prensa\/wp-json\/wp\/v2\/posts"}],"about":[{"href":"https:\/\/www.mendoza.gov.ar\/prensa\/wp-json\/wp\/v2\/types\/post"}],"author":[{"embeddable":true,"href":"https:\/\/www.mendoza.gov.ar\/prensa\/wp-json\/wp\/v2\/users\/3"}],"replies":[{"embeddable":true,"href":"https:\/\/www.mendoza.gov.ar\/prensa\/wp-json\/wp\/v2\/comments?post=60770"}],"version-history":[{"count":0,"href":"https:\/\/www.mendoza.gov.ar\/prensa\/wp-json\/wp\/v2\/posts\/60770\/revisions"}],"wp:featuredmedia":[{"embeddable":true,"href":"https:\/\/www.mendoza.gov.ar\/prensa\/wp-json\/wp\/v2\/media\/60772"}],"wp:attachment":[{"href":"https:\/\/www.mendoza.gov.ar\/prensa\/wp-json\/wp\/v2\/media?parent=60770"}],"wp:term":[{"taxonomy":"category","embeddable":true,"href":"https:\/\/www.mendoza.gov.ar\/prensa\/wp-json\/wp\/v2\/categories?post=60770"},{"taxonomy":"post_tag","embeddable":true,"href":"https:\/\/www.mendoza.gov.ar\/prensa\/wp-json\/wp\/v2\/tags?post=60770"}],"curies":[{"name":"wp","href":"https:\/\/api.w.org\/{rel}","templated":true}]}}