{"id":60914,"date":"2016-07-12T13:06:08","date_gmt":"2016-07-12T16:06:08","guid":{"rendered":"http:\/\/prensa.mendoza.gov.ar\/?p=60914"},"modified":"2016-07-12T13:06:08","modified_gmt":"2016-07-12T16:06:08","slug":"tunuyan-tendra-un-servicio-de-cirugia-pediatrica-en-el-scaravelli","status":"publish","type":"post","link":"https:\/\/www.mendoza.gov.ar\/prensa\/tunuyan-tendra-un-servicio-de-cirugia-pediatrica-en-el-scaravelli\/","title":{"rendered":"El Hospital Scaravelli de Tunuyan tendr\u00e1 servicio de cirug\u00eda pedi\u00e1trica"},"content":{"rendered":"<!DOCTYPE html PUBLIC \"-\/\/W3C\/\/DTD HTML 4.0 Transitional\/\/EN\" \"http:\/\/www.w3.org\/TR\/REC-html40\/loose.dtd\">\n<html><body><p>El ministro de Salud, Desarrollo Social y Deportes, Rub&eacute;n Giacchi, junto&nbsp;al director Regional de Valle de Uco, Rodolfo Guill&eacute;n, el director del Hospital Scaravelli, Carmelo Fazio, y los profesionales que conformar&aacute;n el equipo de&nbsp;cirug&iacute;a,&nbsp; realizaron hoy la presentaci&oacute;n del nuevo servicio que funcionar&aacute;&nbsp;en hospital de Tunuy&aacute;n.<\/p>\n<p>Esto posibilitar&aacute; descomprimir la atenci&oacute;n del Notti, que recib&iacute;a de 300 a 400&nbsp;chicos de esta zona por cirug&iacute;as de baja y mediana complejidad. Adem&aacute;s,&nbsp;con este nuevo servicio se amplia la atenci&oacute;n de la problem&aacute;tica infantil&nbsp;de la provincia, en esta oportunidad de los chicos del Valle de Uco.<\/p>\n<p>Durante la presentaci&oacute;n, Giacchi destac&oacute;: &ldquo;Estamos constituyendo el&nbsp;servicio de cirug&iacute;a infantil con tres m&eacute;dicos, ex residentes del Notti, altamente calificados. Lo destacable es que estos profesionales se quedan&nbsp;a vivir en el Valle de Uco, lo cual permitir&aacute; atender en forma permanente&nbsp;a los tres departamentos ademas de los afiliados de OSEP&rdquo;.<\/p>\n<p>&ldquo;Sumado&nbsp; a esto se debe destacar que este servicio descomprime al Hospital Notti, que recib&iacute;a entre 300 y 400 chicos que ven&iacute;an del Valle de&nbsp;Uco, con cirug&iacute;as de muy baja o mediana complejidad. Desde ahora estas&nbsp;cirug&iacute;as se van a realizar en el Scaravelli. La gente no va a&nbsp;tener que trasladarse, con lo que esto ocasiona, lo har&aacute; en su entorno.&nbsp;cerca de su casa, de su familia&rdquo;, agrego el titular de Salud.<\/p>\n<p>Por su parte, Carmelo Fazio, director del Scaravelli, expres&oacute;: &ldquo;Este&nbsp;programa es nuevo, necesita un apoyo log&iacute;stico importante, se ir&aacute;&nbsp;realizando paso a paso, pero en un futuro podr&aacute; incorporar intervenciones, y trae soluciones no s&oacute;lo a todo el Valle de Uco sino tambi&eacute;n a pacientes&nbsp;que llegan desde Luj&aacute;n y de San Rafael. Por lo tanto, va a ser de gran ayuda a un amplio sector de la provincia&rdquo;.<\/p>\n<p><a href=\"https:\/\/www.mendoza.gov.ar\/prensa\/wp-content\/uploads\/sites\/23\/600_2372.jpg\"><img loading=\"lazy\" class=\"alignnone wp-image-60915 img-responsive center-block\" src=\"https:\/\/www.mendoza.gov.ar\/prensa\/wp-content\/uploads\/sites\/23\/600_2372.jpg\" alt=\"\" width=\"650\" height=\"433\"><\/a><\/p>\n<p>Uno de los profesionales que se incorporan a este servicio es Antonio&nbsp;Estevez, que adem&aacute;s ser&aacute; un integrante de la comunidad de Tunuy&aacute;n. Comparti&oacute; que, desde la residencia, un grupo de m&eacute;dicos empezaron a ver que&nbsp;muchos ni&ntilde;os que llegaban al Notti ven&iacute;an del Valle de Uco porque no&nbsp;exist&iacute;a ning&uacute;n servicio en ese lugar. &ldquo;Desde all&iacute; surgi&oacute; la iniciativa de&nbsp;crear algo en zona, nos acercamos al ministerio con esta idea, donde&nbsp;tuvimos muy buena recepci&oacute;n. Desde all&iacute; se capt&oacute; la idea, se gestiono&nbsp;r&aacute;pidamente, recibimos ayuda de muchos que se hicieron eco de nuestro&nbsp;pedido. Estamos muy agradecidos y hoy nuestro sue&ntilde;o se empieza a&nbsp;materializar&rdquo;.<\/p>\n<p>Los otros dos profesionales que integran el equipo de cirug&iacute;a pedi&aacute;trica&nbsp;son Federico S&aacute;nchez Estevez y Mar&iacute;a Vanesa Rodr&iacute;guez, quienes tambi&eacute;n se&nbsp;radicar&aacute;n en la zona.<\/p>\n<\/body><\/html>\n","protected":false},"excerpt":{"rendered":"Permitir\u00e1 atender cirug\u00edas de ni\u00f1os de todo el Valle de Uco, tanto de pacientes sin cobertura social como de afiliados de la OSEP.","protected":false},"author":3,"featured_media":60959,"comment_status":"open","ping_status":"open","sticky":false,"template":"","format":"standard","meta":[],"categories":[30],"tags":[],"_links":{"self":[{"href":"https:\/\/www.mendoza.gov.ar\/prensa\/wp-json\/wp\/v2\/posts\/60914"}],"collection":[{"href":"https:\/\/www.mendoza.gov.ar\/prensa\/wp-json\/wp\/v2\/posts"}],"about":[{"href":"https:\/\/www.mendoza.gov.ar\/prensa\/wp-json\/wp\/v2\/types\/post"}],"author":[{"embeddable":true,"href":"https:\/\/www.mendoza.gov.ar\/prensa\/wp-json\/wp\/v2\/users\/3"}],"replies":[{"embeddable":true,"href":"https:\/\/www.mendoza.gov.ar\/prensa\/wp-json\/wp\/v2\/comments?post=60914"}],"version-history":[{"count":0,"href":"https:\/\/www.mendoza.gov.ar\/prensa\/wp-json\/wp\/v2\/posts\/60914\/revisions"}],"wp:featuredmedia":[{"embeddable":true,"href":"https:\/\/www.mendoza.gov.ar\/prensa\/wp-json\/wp\/v2\/media\/60959"}],"wp:attachment":[{"href":"https:\/\/www.mendoza.gov.ar\/prensa\/wp-json\/wp\/v2\/media?parent=60914"}],"wp:term":[{"taxonomy":"category","embeddable":true,"href":"https:\/\/www.mendoza.gov.ar\/prensa\/wp-json\/wp\/v2\/categories?post=60914"},{"taxonomy":"post_tag","embeddable":true,"href":"https:\/\/www.mendoza.gov.ar\/prensa\/wp-json\/wp\/v2\/tags?post=60914"}],"curies":[{"name":"wp","href":"https:\/\/api.w.org\/{rel}","templated":true}]}}