{"id":60969,"date":"2016-07-12T19:11:17","date_gmt":"2016-07-12T22:11:17","guid":{"rendered":"http:\/\/prensa.mendoza.gov.ar\/?p=60969"},"modified":"2016-07-12T19:11:17","modified_gmt":"2016-07-12T22:11:17","slug":"se-impulsara-en-la-provincia-la-ensenanza-del-idioma-frances","status":"publish","type":"post","link":"https:\/\/www.mendoza.gov.ar\/prensa\/se-impulsara-en-la-provincia-la-ensenanza-del-idioma-frances\/","title":{"rendered":"Se impulsar\u00e1 en la provincia la ense\u00f1anza del idioma franc\u00e9s"},"content":{"rendered":"<!DOCTYPE html PUBLIC \"-\/\/W3C\/\/DTD HTML 4.0 Transitional\/\/EN\" \"http:\/\/www.w3.org\/TR\/REC-html40\/loose.dtd\">\n<html><body><p><span style=\"color: #000000\">El Gobernador Alfredo Cornejo, junto al <span lang=\"ES-TRAD\">embajador franc&eacute;s Jean-Michel Casa<\/span>, firm&oacute; esta tarde en la Casa de Mendoza en Buenos Aires el convenio marco de cooperaci&oacute;n entre el Gobierno de Mendoza y la Embajada de Francia, para la ense&ntilde;anza del idioma franc&eacute;s.&nbsp;<\/span><\/p>\n<p>En el marco de este convenio, el Gobierno de Mendoza se compromete a&nbsp;acompa&ntilde;ar los proyectos institucionales de los establecimientos educativos que gestiona, propiciando el dictado de clases de franc&eacute;s en escuelas primarias y dando continuidad a la oferta existente en el nivel secundario y superior.<\/p>\n<p>Por su parte, la embajada francesa en Mendoza implementar&aacute; la pol&iacute;tica de cooperaci&oacute;n educativa y ling&uuml;&iacute;stica del gobierno franc&eacute;s, que se funda en un estricto respeto por la diversidad cultural y ling&uuml;&iacute;stica. De este modo, la embajada, a trav&eacute;s del Institut Fran&ccedil;ais d&rsquo;Argentine, mantiene estrechos v&iacute;nculos de colaboraci&oacute;n y concertaci&oacute;n con las autoridades gubernamentales nacionales y provinciales, con la red de Alianzas Francesas en Argentina, las asociaciones de profesores de franc&eacute;s, los institutos y las universidades que forman docentes de franc&eacute;s en el pa&iacute;s.<\/p>\n<p>Luego de la r&uacute;brica, el Gobernador Alfredo Cornejo, anticip&oacute; que &ldquo;Mendoza el a&ntilde;o que viene ser&aacute; sede de un congreso nacional de profesores de franc&eacute;s, este ser&aacute; un evento muy importante para reafirmar todo lo propuesto en este convenio y continuar desarrollando el aprendizaje del idioma en nuestra provincia&rdquo;.<\/p>\n<p>A su turno, Jaime Correas, Director General de Escuelas del Gobierno de Mendoza, coment&oacute;: &ldquo;El estudio de los idiomas es muy importante para las perspectivas de salida a Europa y a todo el mundo. Para nosotros el plurilinguismo ayuda al desarrollo de las personas y de las instituciones&rdquo;.<\/p>\n<p><span lang=\"ES-TRAD\">Por su parte, el embajador Jean-Michel Casa coment&oacute;:&nbsp;<\/span>&ldquo;Francia y Mendoza tienen desde hace tiempo una buena relaci&oacute;n gracias al mercado del vino. La provincia es una de las primeras en Ccuyo en mandar estudiantes a nuestro pa&iacute;s. Este convenio favorece el desarrollo de programas de estudio muy interesantes para los mendocinos. Adem&aacute;s, podremos promover el comercio en diversos sectores de la econom&iacute;a, pero m&aacute;s especificamente en el de la vitivinicultura&rdquo;.<\/p>\n<p>&ldquo;Ser&iacute;a muy &uacute;til que se realicen&nbsp;con m&aacute;s frecuencia intercambios culturales con personas de diversas profesiones para que puedan perfeccionar su formaci&oacute;n tanto en Francia como en Mendoza&rdquo;, agreg&oacute; el embajador franc&eacute;s.<\/p>\n<p><a href=\"https:\/\/www.mendoza.gov.ar\/prensa\/wp-content\/uploads\/sites\/23\/bal-bla.jpg\"><img loading=\"lazy\" class=\"alignnone wp-image-60998 img-responsive center-block\" src=\"https:\/\/www.mendoza.gov.ar\/prensa\/wp-content\/uploads\/sites\/23\/bal-bla.jpg\" alt=\"\" width=\"650\" height=\"434\"><\/a><\/p>\n<p>Dentro del convenio, ambas parten reconocen&nbsp;que la difusi&oacute;n de la lengua francesa y la formaci&oacute;n y capacitaci&oacute;n docente constituyen una contribuci&oacute;n positiva para la comunidad educativa, ya que el manejo del idioma franc&eacute;s facilita el contacto con una multiplicidad de pa&iacute;ses y culturas y el acceso a posibilidades suplementarias de formaci&oacute;n acad&eacute;mica y perfeccionamiento t&eacute;cnico y profesional de alto nivel.<\/p>\n<p>Para finalizar, tanto el Gobierno de Mendoza como la Embajada francesa se comprometen a&nbsp;desarrollar actividades de cooperaci&oacute;n con el fin de consolidar y fortalecer los lazos entre ambos pa&iacute;ses a trav&eacute;s de la cultura y la educaci&oacute;n como medios de integraci&oacute;n.<\/p>\n<\/body><\/html>\n","protected":false},"excerpt":{"rendered":"A trav\u00e9s de un convenio firmado esta tarde en Buenos Aires por el Gobernador Alfredo Cornejo y embajador franc\u00e9s Jean-Michel Casa, el idioma franc\u00e9s ser\u00e1 promovido en el sistema educativo provincial. ","protected":false},"author":3,"featured_media":60997,"comment_status":"open","ping_status":"open","sticky":false,"template":"","format":"standard","meta":[],"categories":[19],"tags":[],"_links":{"self":[{"href":"https:\/\/www.mendoza.gov.ar\/prensa\/wp-json\/wp\/v2\/posts\/60969"}],"collection":[{"href":"https:\/\/www.mendoza.gov.ar\/prensa\/wp-json\/wp\/v2\/posts"}],"about":[{"href":"https:\/\/www.mendoza.gov.ar\/prensa\/wp-json\/wp\/v2\/types\/post"}],"author":[{"embeddable":true,"href":"https:\/\/www.mendoza.gov.ar\/prensa\/wp-json\/wp\/v2\/users\/3"}],"replies":[{"embeddable":true,"href":"https:\/\/www.mendoza.gov.ar\/prensa\/wp-json\/wp\/v2\/comments?post=60969"}],"version-history":[{"count":0,"href":"https:\/\/www.mendoza.gov.ar\/prensa\/wp-json\/wp\/v2\/posts\/60969\/revisions"}],"wp:featuredmedia":[{"embeddable":true,"href":"https:\/\/www.mendoza.gov.ar\/prensa\/wp-json\/wp\/v2\/media\/60997"}],"wp:attachment":[{"href":"https:\/\/www.mendoza.gov.ar\/prensa\/wp-json\/wp\/v2\/media?parent=60969"}],"wp:term":[{"taxonomy":"category","embeddable":true,"href":"https:\/\/www.mendoza.gov.ar\/prensa\/wp-json\/wp\/v2\/categories?post=60969"},{"taxonomy":"post_tag","embeddable":true,"href":"https:\/\/www.mendoza.gov.ar\/prensa\/wp-json\/wp\/v2\/tags?post=60969"}],"curies":[{"name":"wp","href":"https:\/\/api.w.org\/{rel}","templated":true}]}}