{"id":61056,"date":"2016-07-13T19:48:51","date_gmt":"2016-07-13T22:48:51","guid":{"rendered":"http:\/\/prensa.mendoza.gov.ar\/?p=61056"},"modified":"2016-07-13T19:48:51","modified_gmt":"2016-07-13T22:48:51","slug":"mendoza-fue-distinguida-con-las-palmas-sanmartinianas","status":"publish","type":"post","link":"https:\/\/www.mendoza.gov.ar\/prensa\/mendoza-fue-distinguida-con-las-palmas-sanmartinianas\/","title":{"rendered":"Mendoza fue distinguida con las \u201cPalmas Sanmartinianas\u201d"},"content":{"rendered":"<!DOCTYPE html PUBLIC \"-\/\/W3C\/\/DTD HTML 4.0 Transitional\/\/EN\" \"http:\/\/www.w3.org\/TR\/REC-html40\/loose.dtd\">\n<html><body><p>El Instituto Sanmartiniano del Per&uacute; reconoci&oacute; a la Provincia de Mendoza con su m&aacute;xima distinci&oacute;n, las &ldquo;Palmas Sanmartinianas&rdquo;. Fueron&nbsp;recibidas por el Gobernador Alfredo Cornejo, en representaci&oacute;n del pueblo mendocino. El acto se realiz&oacute; en el Sal&oacute;n Patricias del cuarto piso de la Casa de Gobierno. La mesa acad&eacute;mica estuvo formada por el presidente del&nbsp;Instituto Sanmartiniano del Per&uacute;,&nbsp;Adolf F. W. Sobrevilla Guzm&aacute;n; el director general de Escuelas, Jaime Correas; la&nbsp;c&oacute;nsul de la Rep&uacute;blica del Per&uacute;, Patricia Isabel K&ouml;ster Ch&aacute;vez; el c&oacute;nsul general de Chile, Juan Manuel Pino V&aacute;squez, y el Gobernador Alfredo Cornejo.<\/p>\n<p>Mendoza fue distinguida por las acciones que ha realizado para difundir el legado del general Jos&eacute; de San Mart&iacute;n. Las Palmas Sanmartinianas est&aacute;n inspiradas en la &ldquo;Orden del Sol&rdquo; de Per&uacute;, y fueron instituidas por San Mart&iacute;n en Lima el 16 de diciembre de 1821 como premio a los &ldquo;ciudadanos virtuosos&rdquo; y a los &ldquo;hombres benem&eacute;ritos&rdquo;.<\/p>\n<p>Al comienzo del acto se realiz&oacute; un toque de diana en honor a los h&eacute;roes ca&iacute;dos en la emancipaci&oacute;n del Per&uacute;. Antes de que se realizara la entrega de la distinci&oacute;n, Jaime Correas tom&oacute; la palabra y coment&oacute;: &ldquo;Hoy me encuentro en una doble condici&oacute;n, soy miembro correspondiente del Instituto Nacional Sanmartiniano y a su vez estoy a cargo de la Direcci&oacute;n General de Escuelas. Insist&iacute; mucho en que realiz&aacute;ramos este encuentro, ya que tenemos un n&uacute;cleo central que nos une como argentinos, creo que estamos en una etapa de acuerdo y uni&oacute;n y estas acciones ayudan mucho&rdquo;.<\/p>\n<p>&ldquo;Hoy podemos demostrar la hermandad entre Per&uacute;, Argentina y Mendoza, el hecho de que San Mart&iacute;n saliera desde nuestra provincia para libertar al Per&uacute; nos pone en una condici&oacute;n especial y esta distinci&oacute;n que se entrega hoy termina de cerrar el c&iacute;rculo&rdquo;, agreg&oacute; Correas.<\/p>\n<p>A su turno,&nbsp;Adolf F. W. Sobrevilla Guzm&aacute;n, presidente del Instituto Sanmartiniano del Per&uacute;, afirm&oacute;: &ldquo;Me siento honrado de que hoy estemos juntos y de representar a nuestra instituci&oacute;n que se form&oacute; hace 82 a&ntilde;os y es la segunda Asociaci&oacute;n Sanmartiniana m&aacute;s antigua del mundo. Yo llegu&eacute; a la Argentina para los festejos del Bicentenario para rendirle homenaje a este pa&iacute;s&rdquo;.<\/p>\n<p>&ldquo;En Tucum&aacute;n entregamos las Palmas Sanmartinianas al Congreso de la Naci&oacute;n y ahora lo hacemos con la provincia de Mendoza, este es un gesto que demuestra la fraternidad de los pueblos a trav&eacute;s de la Gesta Sanmartiniana&rdquo;, destac&oacute; Adolf, y luego le entreg&oacute; las Palmas Sanmartinianas al Gobernador.<\/p>\n<p><a href=\"https:\/\/www.mendoza.gov.ar\/prensa\/wp-content\/uploads\/sites\/23\/dentro6.jpg\"><img loading=\"lazy\" class=\"alignnone wp-image-61088 img-responsive center-block\" src=\"https:\/\/www.mendoza.gov.ar\/prensa\/wp-content\/uploads\/sites\/23\/dentro6.jpg\" alt=\"\" width=\"650\" height=\"431\"><\/a><\/p>\n<p>Alfredo Cornejo afirm&oacute;: &ldquo;Muchas gracias por este reconocimiento, que no es en s&iacute; a mi persona sino que en la instituci&oacute;n del Gobernador representado llega a todo el pueblo de Mendoza. Es un honor ocupar el lugar que supo tener el general Don Jos&eacute; San Mart&iacute;n hace 200 a&ntilde;os atr&aacute;s, nos ha tocado en suerte estar en este lugar mientras se llevan a cabo estos homenajes por la Gesta Sanmartiniana.<\/p>\n<p>&ldquo;Este es un reconocimiento especial a toda la gente que mantiene viva la cultura&nbsp;del libertador de Am&eacute;rica. Los mendocinos necesitamos tener presente la obra, ejemplo, cultura y administraci&oacute;n de San Mart&iacute;n. Agradezco a las organizaciones genuinas de la sociedad civil que trabajan en ello, nosotros nos comprometemos desde la gesti&oacute;n a trabajar codo a codo, como se ha hecho en estos &uacute;ltimos a&ntilde;os&rdquo;.<\/p>\n<p>Como retribuci&oacute;n, el Gobierno de Mendoza declar&oacute;&nbsp;&ldquo;Hu&eacute;sped de honor&rdquo; a Adolf F. W. Sobrevilla Guzm&aacute;n&nbsp;-presidente del Instituto Sanmartiniano del Per&uacute;-&nbsp;a trav&eacute;s del Decreto Provincial N&ordm; 846\/16 con la entrega de un diploma. Adem&aacute;s, el representante peruano recibi&oacute; como obsequio vinos mendocinos.<\/p>\n<p><strong>Obra de arte<\/strong><\/p>\n<p>Las autoridades se dirigieron hacia primer piso de la Casa de Gobierno, donde descubrieron en el Sal&oacute;n Sarmiento un cuadro realizado en 1941 por Fidel Roig Matons, que se ubica junto a la Bandera del Ej&eacute;rcito Libertador.<\/p>\n<p>Correas detall&oacute;: &ldquo;Hoy ha sucedido algo muy valioso para la DGE y la cultura de Mendoza, porque&nbsp;hemos habilitado en la Direcci&oacute;n General de Escuelas un gran cuadro y de gran tama&ntilde;o de San Mart&iacute;n, obra de Fidel Roig Matons, y que para m&iacute; es uno de los cuadros m&aacute;s bellos sobre San Mart&iacute;n de la larga serie de Roig Matons, del a&ntilde;o 1941&rdquo;.<\/p>\n<p>&ldquo;La obra estaba en el Ministerio de Salud, y el ministerio y el propio ministro Giacchi amablemente aceptaron hacer un canje por otro cuadro para poder traerlo a la Direcci&oacute;n General de Escuelas, precisamente en el Sal&oacute;n Sarmiento. Este es un lugar muy significativo porque all&iacute;, entre otras actividades, se re&uacute;ne el Consejo Provincial de Educaci&oacute;n, un organismo de la Constituci&oacute;n y consultivo del director general de Escuelas y que ahora, adem&aacute;s de tener la Bandera del Ej&eacute;rcito de los Andes&nbsp;y un dibujo de Sarmiento, va a tener un cuadro de San Mart&iacute;n, lo cual nos parece esencial&rdquo;, complet&oacute; el titular de la DGE.<\/p>\n<\/body><\/html>\n","protected":false},"excerpt":{"rendered":"Se trata de la m\u00e1xima condecoraci\u00f3n que el Instituto Sanmartiniano otorga a quienes realizan acciones para difundir el legado del general Jos\u00e9 de San Mart\u00edn. La distinci\u00f3n fue recibida por el Gobernador Alfredo Cornejo en representaci\u00f3n del pueblo mendocino. ","protected":false},"author":3,"featured_media":61087,"comment_status":"open","ping_status":"open","sticky":false,"template":"","format":"standard","meta":[],"categories":[19],"tags":[],"_links":{"self":[{"href":"https:\/\/www.mendoza.gov.ar\/prensa\/wp-json\/wp\/v2\/posts\/61056"}],"collection":[{"href":"https:\/\/www.mendoza.gov.ar\/prensa\/wp-json\/wp\/v2\/posts"}],"about":[{"href":"https:\/\/www.mendoza.gov.ar\/prensa\/wp-json\/wp\/v2\/types\/post"}],"author":[{"embeddable":true,"href":"https:\/\/www.mendoza.gov.ar\/prensa\/wp-json\/wp\/v2\/users\/3"}],"replies":[{"embeddable":true,"href":"https:\/\/www.mendoza.gov.ar\/prensa\/wp-json\/wp\/v2\/comments?post=61056"}],"version-history":[{"count":0,"href":"https:\/\/www.mendoza.gov.ar\/prensa\/wp-json\/wp\/v2\/posts\/61056\/revisions"}],"wp:featuredmedia":[{"embeddable":true,"href":"https:\/\/www.mendoza.gov.ar\/prensa\/wp-json\/wp\/v2\/media\/61087"}],"wp:attachment":[{"href":"https:\/\/www.mendoza.gov.ar\/prensa\/wp-json\/wp\/v2\/media?parent=61056"}],"wp:term":[{"taxonomy":"category","embeddable":true,"href":"https:\/\/www.mendoza.gov.ar\/prensa\/wp-json\/wp\/v2\/categories?post=61056"},{"taxonomy":"post_tag","embeddable":true,"href":"https:\/\/www.mendoza.gov.ar\/prensa\/wp-json\/wp\/v2\/tags?post=61056"}],"curies":[{"name":"wp","href":"https:\/\/api.w.org\/{rel}","templated":true}]}}