{"id":61355,"date":"2016-07-18T12:10:54","date_gmt":"2016-07-18T15:10:54","guid":{"rendered":"http:\/\/prensa.mendoza.gov.ar\/?p=61355"},"modified":"2016-07-18T12:10:54","modified_gmt":"2016-07-18T15:10:54","slug":"cornejo-redoblamos-el-compromiso-de-hacer-mas-trabajo-por-la-memoria","status":"publish","type":"post","link":"https:\/\/www.mendoza.gov.ar\/prensa\/cornejo-redoblamos-el-compromiso-de-hacer-mas-trabajo-por-la-memoria\/","title":{"rendered":"Cornejo: &quot;Redoblamos el compromiso de hacer m\u00e1s trabajo por la memoria&quot;"},"content":{"rendered":"<!DOCTYPE html PUBLIC \"-\/\/W3C\/\/DTD HTML 4.0 Transitional\/\/EN\" \"http:\/\/www.w3.org\/TR\/REC-html40\/loose.dtd\">\n<html><body><p>El Gobernador Alfredo Cornejo particip&oacute; del acto Por la memoria activa, con motivo del 22&deg; aniversario del atentado a la AMIA (Asociaci&oacute;n Mutual Israelita Argentina) que se realiz&oacute; en la planta baja de la Casa de Gobierno.<\/p>\n<p>Asistieron Graciela Roiz, presidenta de la Sociedad Israelita de Beneficencia; su vicepresidenta, Jovita Kemelmajer; el c&oacute;nsul honorario del Estado de Israel, Gerardo Belinsky; la presidenta de Wizo, Marta Zirulnik de Kotlik, y&nbsp;el senador nacional Julio Cobos, entre otras autoridades civiles y militares y representantes de organizaciones de la comunidad jud&iacute;a de la provincia.<\/p>\n<p>Alfredo Cornejo expres&oacute;: &ldquo;El gobierno que presido sin dudas entre sus facultades y competencias tiene responsabilidad sobre la memoria. Este acto, de alguna forma, trabaja sobre ello. Redoblamos ese compromiso para hacer m&aacute;s trabajo por la memoria&rdquo;.<\/p>\n<p>&ldquo;Es el gran desaf&iacute;o que tenemos en Argentina: tener un pa&iacute;s normal, con fuertes instituciones que castiguen cuando deben hacerlo, en el marco del estado de derecho, y que brinden premios al esfuerzo no s&oacute;lo econ&oacute;mico, sino social colectivo y de educaci&oacute;n que necesitamos los argentinos&rdquo;, agreg&oacute; Cornejo.<\/p>\n<p>Y para finalizar, remarc&oacute;: &ldquo;Tengo mucha esperanza de que en la Argentina se empiece a cerrar una etapa en una democracia incompleta, con instituciones muy d&eacute;biles, te&ntilde;idas por la corrupci&oacute;n que tanto da&ntilde;o le hacen al funcionamiento colectivo de nuestra sociedad. Tengo la esperanza de que estemos cerrando una etapa en la que la justicia sea un valor entendido por la totalidad de la comunidad y las instituciones sean tan fuertes, que regulen y arbitren las desigualdades y combatan la injusticia&rdquo;.<\/p>\n<p><a href=\"https:\/\/www.mendoza.gov.ar\/prensa\/wp-content\/uploads\/sites\/23\/DSC_0213.jpg\"><img loading=\"lazy\" class=\"alignnone wp-image-61357 img-responsive center-block\" src=\"https:\/\/www.mendoza.gov.ar\/prensa\/wp-content\/uploads\/sites\/23\/DSC_0213.jpg\" alt=\"\" width=\"650\" height=\"431\"><\/a><\/p>\n<p>Graciela Roiz manifest&oacute;: &ldquo;En estos 22 a&ntilde;os, en cada acto tuvimos que reclamar lo que deber&iacute;a ser l&oacute;gico e impl&iacute;cito en cualquier sociedad civilizada. Lo seguiremos haciendo.&nbsp; No cesaremos en la b&uacute;squeda de la verdad y la justicia. Justicia significa que los responsables deber&iacute;an estar ya sentenciados y cumpliendo condena. A&ntilde;o tras a&ntilde;os volveremos a pedir justicia. Confiamos que llegar&aacute; m&aacute;s temprano que tarde&rdquo;.<\/p>\n<p><strong>El acto<\/strong><\/p>\n<p>Luego del sonido de la sirena, de tres minutos, a las 9.53, hora del atentando, Cornejo y Graciela Roiz encendieron una vela por los 22 a&ntilde;os transcurridos. Mientras, se mantuvo un minuto de silencio en honor a las 85 v&iacute;ctimas.<\/p>\n<p>A continuaci&oacute;n, se dio lectura a la n&oacute;mina de fallecidos y los presentes contemplaron, emocionados, el video realizado por la AMIA con 100 cantantes sobre una canci&oacute;n&nbsp;de Le&oacute;n Gieco, <em>La memoria.<\/em> &nbsp;Adem&aacute;s, se realiz&oacute; una breve ceremonia religiosa.<\/p>\n<\/body><\/html>\n","protected":false},"excerpt":{"rendered":"As\u00ed lo manifest\u00f3 el Gobernador durante el acto por los 22 a\u00f1os del atentando a la Asociaci\u00f3n Mutual Israelita Argentina. Se realiz\u00f3 en la planta baja de la Casa de Gobierno y asistieron funcionarios y representantes de organismos de la comunidad jud\u00eda.","protected":false},"author":3,"featured_media":61373,"comment_status":"open","ping_status":"open","sticky":false,"template":"","format":"standard","meta":[],"categories":[19],"tags":[110,812,824,1129],"_links":{"self":[{"href":"https:\/\/www.mendoza.gov.ar\/prensa\/wp-json\/wp\/v2\/posts\/61355"}],"collection":[{"href":"https:\/\/www.mendoza.gov.ar\/prensa\/wp-json\/wp\/v2\/posts"}],"about":[{"href":"https:\/\/www.mendoza.gov.ar\/prensa\/wp-json\/wp\/v2\/types\/post"}],"author":[{"embeddable":true,"href":"https:\/\/www.mendoza.gov.ar\/prensa\/wp-json\/wp\/v2\/users\/3"}],"replies":[{"embeddable":true,"href":"https:\/\/www.mendoza.gov.ar\/prensa\/wp-json\/wp\/v2\/comments?post=61355"}],"version-history":[{"count":0,"href":"https:\/\/www.mendoza.gov.ar\/prensa\/wp-json\/wp\/v2\/posts\/61355\/revisions"}],"wp:featuredmedia":[{"embeddable":true,"href":"https:\/\/www.mendoza.gov.ar\/prensa\/wp-json\/wp\/v2\/media\/61373"}],"wp:attachment":[{"href":"https:\/\/www.mendoza.gov.ar\/prensa\/wp-json\/wp\/v2\/media?parent=61355"}],"wp:term":[{"taxonomy":"category","embeddable":true,"href":"https:\/\/www.mendoza.gov.ar\/prensa\/wp-json\/wp\/v2\/categories?post=61355"},{"taxonomy":"post_tag","embeddable":true,"href":"https:\/\/www.mendoza.gov.ar\/prensa\/wp-json\/wp\/v2\/tags?post=61355"}],"curies":[{"name":"wp","href":"https:\/\/api.w.org\/{rel}","templated":true}]}}