{"id":61481,"date":"2016-07-19T13:14:16","date_gmt":"2016-07-19T16:14:16","guid":{"rendered":"http:\/\/prensa.mendoza.gov.ar\/?p=61481"},"modified":"2016-07-19T13:14:16","modified_gmt":"2016-07-19T16:14:16","slug":"cornejo-recorrio-las-instalaciones-del-hospital-carrillo","status":"publish","type":"post","link":"https:\/\/www.mendoza.gov.ar\/prensa\/cornejo-recorrio-las-instalaciones-del-hospital-carrillo\/","title":{"rendered":"Cornejo recorri\u00f3 las instalaciones del Hospital Carrillo"},"content":{"rendered":"<!DOCTYPE html PUBLIC \"-\/\/W3C\/\/DTD HTML 4.0 Transitional\/\/EN\" \"http:\/\/www.w3.org\/TR\/REC-html40\/loose.dtd\">\n<html><body><p>El Hospital Carrillo hoy est&aacute; funcionando en toda su capacidad. Eso se concluye de los dichos del Gobernador Alfredo Cornejo, quien esta ma&ntilde;ana recorri&oacute; las instalaciones, acompa&ntilde;ado por el titular de la cartera de Salud, Rub&eacute;n Giacchi; el subsecretario de Salud, Oscar Sag&aacute;s, y el&nbsp;director del hospital, Diego Irigo, entre otros funcionarios.<\/p>\n<p>&ldquo;El equipo de Salud tiene la instrucci&oacute;n m&iacute;a de recorrer cada uno de los hospitales y centros de salud para ver todas las deficiencias, que son muchas, verificar los servicios que se est&aacute;n prestando y ver c&oacute;mo se est&aacute;n prestando&rdquo;, dijo el primer mandatario contextualizando su visita.<\/p>\n<p>&ldquo;Este hospital fue inaugurado hace buen tiempo y ha estado muy subutilizado. Durante este corto tiempo hemos agregado much&iacute;simos servicios, b&aacute;sicamente de pediatr&iacute;a. Salas que no estaban ocupadas han sido ocupadas con el objetivo de descomprimir el Notti pero tambi&eacute;n con el de prestar un mejor servicio en otras especialidades&rdquo;.<\/p>\n<p>Y remarc&oacute;, dirigi&eacute;ndose a toda la comunidad del Gran Mendoza: &ldquo;No s&oacute;lo queremos que sea utilizado por la gente de Las Heras sino tambi&eacute;n por todo el conjunto de los habitantes del Gran Mendoza. Es un hospital que ahora tiene m&aacute;s servicios y se puede consultar y hacer uso de sus equipamientos e instalaciones&rdquo;.<\/p>\n<p><strong>Sobre el hospital<\/strong><\/p>\n<p>&ldquo;Estamos satisfechos con lo observado, pero atentos a mejorar la atenci&oacute;n y guardia y organizar mejor los recursos edilicios que tenemos. El personal se ha manejado de manera correcta, dadas las condiciones en las que se encontraban&rdquo;, dijo Cornejo.<\/p>\n<p>En cuanto a las instalaciones, el Gobernador explic&oacute; que en el Carrillo hay dos salas de parto de una&nbsp;envergadura que no existen en el sector privado. &ldquo;Tenemos tres salas de cirug&iacute;a con un equipamiento de primer nivel, muy caro, y que se encuentran operando&rdquo;, complet&oacute;.<\/p>\n<p>Para concluir, dijo que aspira a contar con el servicios de cirug&iacute;a pedi&aacute;trica &ldquo;para seguir descomprimiendo el Notti y para mitigar la falta de infraestructura del Gran Mendoza para temas pedi&aacute;tricos&rdquo;.<\/p>\n<p><strong>Compras<\/strong><\/p>\n<p>A prop&oacute;sito de un tema tan sensible como es el de las compras de insumos, el primer mandatario explic&oacute; que se ha cambiado la tradicional Ley 6015, que estaba desde el gobierno de Jos&eacute; Octavio Bord&oacute;n, que reg&iacute;a la administraci&oacute;n de los hospitales.<\/p>\n<p>&ldquo;Estamos poni&eacute;ndolo en funcionamiento. Las compras grandes las hemos centralizado en el Ministerio de Salud y las compras chicas las dejamos a disposici&oacute;n del propio hospital. Creemos que as&iacute; es m&aacute;s eficiente. Ante la oferta que se tiene, es conveniente comprar centralizadamente. De esta manera se consiguen mejores precios para realizar los gastos m&aacute;s fuertes. Hoy hay tecnolog&iacute;a para centralizar esa log&iacute;stica y hacerla m&aacute;s eficiente. Vamos en un paulatino mejoramiento de los servicios de salud gracias a esta centralizaci&oacute;n&rdquo;, enfatiz&oacute; el Gobernador.<\/p>\n<\/body><\/html>\n","protected":false},"excerpt":{"rendered":"Dijo que est\u00e1 equipado con m\u00e1s servicios e instalaciones. Hizo un llamado a la poblaci\u00f3n del Gran Mendoza a concurrir a ese centro asistencial.","protected":false},"author":3,"featured_media":61483,"comment_status":"open","ping_status":"open","sticky":false,"template":"","format":"standard","meta":[],"categories":[19],"tags":[],"_links":{"self":[{"href":"https:\/\/www.mendoza.gov.ar\/prensa\/wp-json\/wp\/v2\/posts\/61481"}],"collection":[{"href":"https:\/\/www.mendoza.gov.ar\/prensa\/wp-json\/wp\/v2\/posts"}],"about":[{"href":"https:\/\/www.mendoza.gov.ar\/prensa\/wp-json\/wp\/v2\/types\/post"}],"author":[{"embeddable":true,"href":"https:\/\/www.mendoza.gov.ar\/prensa\/wp-json\/wp\/v2\/users\/3"}],"replies":[{"embeddable":true,"href":"https:\/\/www.mendoza.gov.ar\/prensa\/wp-json\/wp\/v2\/comments?post=61481"}],"version-history":[{"count":0,"href":"https:\/\/www.mendoza.gov.ar\/prensa\/wp-json\/wp\/v2\/posts\/61481\/revisions"}],"wp:featuredmedia":[{"embeddable":true,"href":"https:\/\/www.mendoza.gov.ar\/prensa\/wp-json\/wp\/v2\/media\/61483"}],"wp:attachment":[{"href":"https:\/\/www.mendoza.gov.ar\/prensa\/wp-json\/wp\/v2\/media?parent=61481"}],"wp:term":[{"taxonomy":"category","embeddable":true,"href":"https:\/\/www.mendoza.gov.ar\/prensa\/wp-json\/wp\/v2\/categories?post=61481"},{"taxonomy":"post_tag","embeddable":true,"href":"https:\/\/www.mendoza.gov.ar\/prensa\/wp-json\/wp\/v2\/tags?post=61481"}],"curies":[{"name":"wp","href":"https:\/\/api.w.org\/{rel}","templated":true}]}}