{"id":61495,"date":"2016-07-19T14:05:32","date_gmt":"2016-07-19T17:05:32","guid":{"rendered":"http:\/\/prensa.mendoza.gov.ar\/?p=61495"},"modified":"2019-07-11T12:36:55","modified_gmt":"2019-07-11T15:36:55","slug":"mendoza-cuenta-con-una-nueva-estacion-meteorologica","status":"publish","type":"post","link":"https:\/\/www.mendoza.gov.ar\/prensa\/mendoza-cuenta-con-una-nueva-estacion-meteorologica\/","title":{"rendered":"Mendoza cuenta con una nueva estaci\u00f3n meteorol\u00f3gica"},"content":{"rendered":"<!DOCTYPE html PUBLIC \"-\/\/W3C\/\/DTD HTML 4.0 Transitional\/\/EN\" \"http:\/\/www.w3.org\/TR\/REC-html40\/loose.dtd\">\n<html><body><p>El &Aacute;rea de Contaminaci&oacute;n Atmosf&eacute;rica de la Direcci&oacute;n de Protecci&oacute;n Ambiental (DPA) comenz&oacute; a operar de modo sistem&aacute;tico una estaci&oacute;n meteorol&oacute;gica que se emplaz&oacute; en el edificio de esa direcci&oacute;n y registra las variables meteorol&oacute;gicas locales.<\/p>\n<p>El secretario de Ambiente y Ordenamiento territorial, Huberto Mingorance, detall&oacute;: &ldquo;Los datos recopilados por esta estaci&oacute;n resultan de gran inter&eacute;s para correlacionarlos con los valores de concentraci&oacute;n de contaminantes del aire que se registran en el microcentro, dado que la meteorolog&iacute;a local tiene incidencia directa sobre la presencia de contaminantes en el aire ambiente&rdquo;.<\/p>\n<p>Adem&aacute;s, el secretario subray&oacute; que es de gran utilidad contar con una base de datos de la meteorolog&iacute;a local, a fin de tener conocimiento sobre el comportamiento estacional de esas variables. Y agreg&oacute;: &ldquo;Se pretende colocar otras estaciones similares en el Gran Mendoza para observar con mayor precisi&oacute;n las diversificaciones locales de ciertas variables, como pueden ser la velocidad y direcci&oacute;n de viento, que suelen estar muy influenciadas por la presencia de edificaciones, arbolado y otros accidentes existentes a la atura en que se realizan estas mediciones, que normalmente no superan los 10 metros. Esta es la altura recomendada para la observaci&oacute;n de meteorolog&iacute;a vinculada a mediciones de calidad de aire ambiente&rdquo;.<\/p>\n<p>El ingeniero Andr&eacute;s Bullaude, responsable del &Aacute;rea Contaminaci&oacute;n Atmosf&eacute;rica de la DPA, explic&oacute; que la estaci&oacute;n meteorol&oacute;gica puesta en marcha es marca Davis modelo Vantage Pro2, y detall&oacute;: &ldquo;Esta estaci&oacute;n registra temperatura ambiente, presi&oacute;n atmosf&eacute;rica, velocidad y direcci&oacute;n de viento, humedad relativa, precipitaci&oacute;n de lluvia y otras variables para los aspectos ambientales relacionados con el aire ambiente. Almacena registros cada hora y permite ver los valores instant&aacute;neos y en modo gr&aacute;fico la evoluci&oacute;n hist&oacute;rica de cada variable&rdquo;.<\/p>\n<p>A trav&eacute;s de un <em>software<\/em> espec&iacute;fico, se pueden transferir los datos del instrumento a una computadora y as&iacute; conformar una base de datos que se actualiza d&iacute;a a d&iacute;a. Del mismo modo, pueden tomarse los registros de un per&iacute;odo determinado de inter&eacute;s y analizar, por ejemplo, los valores m&aacute;ximos, m&iacute;nimos, promedio y gr&aacute;ficas asociadas.<\/p>\n<p>Si bien la especialidad de esta &aacute;rea no es la meteorolog&iacute;a como ciencia, a trav&eacute;s de este <em>software<\/em> se pueden obtener pron&oacute;sticos meteorol&oacute;gicos a corto plazo, los cuales son de mucha utilidad.<\/p>\n<p>Este tipo de estaciones tienen la posibilidad de incorporar detectores que permiten medir dos variables muy importantes en lo ambiental: radiaci&oacute;n solar total y radiaci&oacute;n ultravioleta. La medici&oacute;n de la radiaci&oacute;n solar total permite observar la energ&iacute;a que llega desde el Sol a la superficie, y la medici&oacute;n de radiaci&oacute;n ultravioleta&nbsp; permite saber el &iacute;ndice de este tipo de radiaci&oacute;n solar, la cual incide tanto en la calidad del aire de modo directo como en la salud de las personas durante el&nbsp;verano.<\/p>\n<p>Es intenci&oacute;n de la Direcci&oacute;n de Protecci&oacute;n Ambiental incorporar estos dos sensores en las estaciones meteorol&oacute;gicas que operen.<\/p>\n<p>Por su parte, la directora de la Direcci&oacute;n de Protecci&oacute;n Ambiental, Miriam Skalany, se&ntilde;al&oacute; que la DPA posee estaciones fijas manuales en el microcentro: &ldquo;Estas estaciones reciben datos de estaciones del mismo tipo instaladas en la Refiner&iacute;a YPF, en el Parque Industrial Provincial (PIP) de Luj&aacute;n de Cuyo&rdquo;.<\/p>\n<p>Del mismo modo, se eval&uacute;a la calidad del aire a trav&eacute;s de instrumentos autom&aacute;ticos instalados en unidad m&oacute;vil emplazada en la Playa de Instituto Nacional de Vitivinicultura (INV).<\/p>\n<p>&ldquo;La unidad m&oacute;vil emplazada en Playa de INV ha sido remodelada y su operaci&oacute;n est&aacute; a cargo del Laboratorio de Instrumental &ndash; DETI de la Facultad de Ingenier&iacute;a de la UNCuyo. Ser&aacute; puesta en marcha nuevamente a partir de agosto, en el marco del convenio que se tiene con esa casa de estudios&rdquo;, concluy&oacute; la directora.<\/p>\n<p>Desde la DPA se informa que quienes deseen denunciar casos de contaminaci&oacute;n ambiental pueden hacerlo a trav&eacute;s del portal de denuncia en la el sitio de internet&nbsp;de Ambiente,&nbsp;<a href=\"https:\/\/www.mendoza.gov.ar\/ambiente\">www.mendoza.gov.ar\/ambiente<\/a>, adem&aacute;s de comunicarse telef&oacute;nicamente a la Direcci&oacute;n de Protecci&oacute;n Ambiental a los tel&eacute;fonos 0261 423 1754\/5428.<\/p>\n<\/body><\/html>\n","protected":false},"excerpt":{"rendered":"La Secretar\u00eda de Ambiente y Ordenamiento Territorial, a trav\u00e9s de la Direcci\u00f3n de Protecci\u00f3n Ambiental (DPA), puso en marcha una estaci\u00f3n meteorol\u00f3gica Davis Vantage Pro2, con el objetivo de observar con m\u00e1s precisi\u00f3n las variaciones locales de ciertas variables vinculada a mediciones de calidad de aire ambiente.","protected":false},"author":3,"featured_media":61496,"comment_status":"open","ping_status":"open","sticky":false,"template":"","format":"standard","meta":[],"categories":[3],"tags":[],"_links":{"self":[{"href":"https:\/\/www.mendoza.gov.ar\/prensa\/wp-json\/wp\/v2\/posts\/61495"}],"collection":[{"href":"https:\/\/www.mendoza.gov.ar\/prensa\/wp-json\/wp\/v2\/posts"}],"about":[{"href":"https:\/\/www.mendoza.gov.ar\/prensa\/wp-json\/wp\/v2\/types\/post"}],"author":[{"embeddable":true,"href":"https:\/\/www.mendoza.gov.ar\/prensa\/wp-json\/wp\/v2\/users\/3"}],"replies":[{"embeddable":true,"href":"https:\/\/www.mendoza.gov.ar\/prensa\/wp-json\/wp\/v2\/comments?post=61495"}],"version-history":[{"count":1,"href":"https:\/\/www.mendoza.gov.ar\/prensa\/wp-json\/wp\/v2\/posts\/61495\/revisions"}],"predecessor-version":[{"id":192162,"href":"https:\/\/www.mendoza.gov.ar\/prensa\/wp-json\/wp\/v2\/posts\/61495\/revisions\/192162"}],"wp:featuredmedia":[{"embeddable":true,"href":"https:\/\/www.mendoza.gov.ar\/prensa\/wp-json\/wp\/v2\/media\/61496"}],"wp:attachment":[{"href":"https:\/\/www.mendoza.gov.ar\/prensa\/wp-json\/wp\/v2\/media?parent=61495"}],"wp:term":[{"taxonomy":"category","embeddable":true,"href":"https:\/\/www.mendoza.gov.ar\/prensa\/wp-json\/wp\/v2\/categories?post=61495"},{"taxonomy":"post_tag","embeddable":true,"href":"https:\/\/www.mendoza.gov.ar\/prensa\/wp-json\/wp\/v2\/tags?post=61495"}],"curies":[{"name":"wp","href":"https:\/\/api.w.org\/{rel}","templated":true}]}}