{"id":61561,"date":"2016-07-20T18:14:44","date_gmt":"2016-07-20T21:14:44","guid":{"rendered":"http:\/\/prensa.mendoza.gov.ar\/?p=61561"},"modified":"2016-07-20T18:14:44","modified_gmt":"2016-07-20T21:14:44","slug":"mendoza-trabaja-en-el-plan-integral-de-movilidad-para-el-area-metropolitana","status":"publish","type":"post","link":"https:\/\/www.mendoza.gov.ar\/prensa\/mendoza-trabaja-en-el-plan-integral-de-movilidad-para-el-area-metropolitana\/","title":{"rendered":"Mendoza trabaja en el Plan Integral de Movilidad para el \u00c1rea Metropolitana"},"content":{"rendered":"<!DOCTYPE html PUBLIC \"-\/\/W3C\/\/DTD HTML 4.0 Transitional\/\/EN\" \"http:\/\/www.w3.org\/TR\/REC-html40\/loose.dtd\">\n<html><body><p>El secretario de Servicios P&uacute;blicos, Sergio Marinelli, representantes de la Corporaci&oacute;n Andina de Fomento (CAF) y autoridades de la Facultad de Ciencias Econ&oacute;micas de la UNCuyo presentaron el Plan Integral de Movilidad para el &Aacute;rea Metropolitana. El Gobernador Alfredo Cornejo particip&oacute; en el panel de cierre de la jornada, en la que estuvieron presentes los intendentes de Unicipio y sus equipos t&eacute;cnicos.<\/p>\n<p>Luego del convenio que se firm&oacute; en 2013 entre la CAF, la Facultad de Ciencias Econ&oacute;micas de la UNCuyo y el Gobierno de la Provincia, finalmente hoy se dio a conocer el proyecto en el que se est&aacute; trabajando. De esta manera, Mendoza comienza a planificar las futuras pol&iacute;ticas de Estado que proponen resolver de manera sustentable la movilidad de los habitantes a partir de propuestas innovadoras, centradas en una red de transporte p&uacute;blico de calidad y en el peat&oacute;n.<\/p>\n<p>En este sentido, Cornejo explic&oacute; que durante los pr&oacute;ximos seis&nbsp;meses se realizar&aacute; un relevamiento sobre el funcionamiento del servicio de transporte. &ldquo;Con esta informaci&oacute;n vamos a pedirle al Gobierno nacional -que es quien define qu&eacute; provincia accede a los cr&eacute;ditos de la CAF- que nos d&eacute; prioridad para preparar una nueva licitaci&oacute;n del transporte p&uacute;blico, que est&aacute; prorrogada. Vamos a optimizar los recursos que tenemos&rdquo;, dijo el mandatario.<\/p>\n<p>La Secretar&iacute;a de Servicios P&uacute;blicos tiene como meta acceder a un sistema de movilidad multimodal. Pasar de un sistema auto\/colectivo a uno de m&uacute;ltiples propuestas para moverse, todas articuladas entre s&iacute; y pensadas o dise&ntilde;adas en relaci&oacute;n con el peat&oacute;n y al usuario, y comenzar a desalentar el uso del veh&iacute;culo particular, que adem&aacute;s de contaminar el medio ambiente, impide el uso racional del espacio p&uacute;blico en la ciudad.<\/p>\n<p>&ldquo;Todo esto se puede hacer si los municipios trabajan coordinados con estas tareas. Hay que planificar en equipo y a largo plazo para el futuro de Mendoza. Debemos ver la tem&aacute;tica en su conjunto si queremos tener un sistema de transporte p&uacute;blico que funcione&rdquo;, concluy&oacute; Cornejo.<\/p>\n<\/body><\/html>\n","protected":false},"excerpt":{"rendered":"Alfredo Cornejo particip\u00f3 en la presentaci\u00f3n del proyecto que priorizar\u00e1 una red de transporte p\u00fablico intermodal. El plan sigue los lineamientos del Plan Provincial de Ordenamiento Territorial 2030 y orienta las estrategias de planificaci\u00f3n hacia un modelo de ciudad m\u00e1s amigable con el medio ambiente.","protected":false},"author":3,"featured_media":61574,"comment_status":"open","ping_status":"open","sticky":false,"template":"","format":"standard","meta":[],"categories":[19],"tags":[],"_links":{"self":[{"href":"https:\/\/www.mendoza.gov.ar\/prensa\/wp-json\/wp\/v2\/posts\/61561"}],"collection":[{"href":"https:\/\/www.mendoza.gov.ar\/prensa\/wp-json\/wp\/v2\/posts"}],"about":[{"href":"https:\/\/www.mendoza.gov.ar\/prensa\/wp-json\/wp\/v2\/types\/post"}],"author":[{"embeddable":true,"href":"https:\/\/www.mendoza.gov.ar\/prensa\/wp-json\/wp\/v2\/users\/3"}],"replies":[{"embeddable":true,"href":"https:\/\/www.mendoza.gov.ar\/prensa\/wp-json\/wp\/v2\/comments?post=61561"}],"version-history":[{"count":0,"href":"https:\/\/www.mendoza.gov.ar\/prensa\/wp-json\/wp\/v2\/posts\/61561\/revisions"}],"wp:featuredmedia":[{"embeddable":true,"href":"https:\/\/www.mendoza.gov.ar\/prensa\/wp-json\/wp\/v2\/media\/61574"}],"wp:attachment":[{"href":"https:\/\/www.mendoza.gov.ar\/prensa\/wp-json\/wp\/v2\/media?parent=61561"}],"wp:term":[{"taxonomy":"category","embeddable":true,"href":"https:\/\/www.mendoza.gov.ar\/prensa\/wp-json\/wp\/v2\/categories?post=61561"},{"taxonomy":"post_tag","embeddable":true,"href":"https:\/\/www.mendoza.gov.ar\/prensa\/wp-json\/wp\/v2\/tags?post=61561"}],"curies":[{"name":"wp","href":"https:\/\/api.w.org\/{rel}","templated":true}]}}