{"id":61702,"date":"2016-07-22T19:23:52","date_gmt":"2016-07-22T22:23:52","guid":{"rendered":"http:\/\/prensa.mendoza.gov.ar\/?p=61702"},"modified":"2016-07-22T19:23:52","modified_gmt":"2016-07-22T22:23:52","slug":"en-vitivinicultura-la-lucha-contra-la-concentracion-tiene-aspectos-macroeconomicos-y-microeconomicos","status":"publish","type":"post","link":"https:\/\/www.mendoza.gov.ar\/prensa\/en-vitivinicultura-la-lucha-contra-la-concentracion-tiene-aspectos-macroeconomicos-y-microeconomicos\/","title":{"rendered":"&quot;En vitivinicultura, la lucha contra la concentraci\u00f3n tiene aspectos macroecon\u00f3micos y microecon\u00f3micos&quot;"},"content":{"rendered":"<!DOCTYPE html PUBLIC \"-\/\/W3C\/\/DTD HTML 4.0 Transitional\/\/EN\" \"http:\/\/www.w3.org\/TR\/REC-html40\/loose.dtd\">\n<html><body><div dir=\"ltr\">El ministro de Econom&iacute;a, Infraestructura y Energ&iacute;a, Enrique Vaqui&eacute;, analiz&oacute; el momento de la actividad vitivin&iacute;cola durante la inauguraci&oacute;n de una nueva m&aacute;quina de embalaje de Agroindustrias Carricondo.<\/div>\n<div dir=\"ltr\"><\/div>\n<div dir=\"ltr\">Acompa&ntilde;ado por dirigentes vitivin&iacute;colas, empresarios bodegueros y productores, el titular de la cartera econ&oacute;mica puso en funcionamiento la nueva l&iacute;nea de empaque para vino en tetra de &uacute;ltima generaci&oacute;n, que adquiri&oacute; la bodega del Este y que le permitir&aacute; consolidar su crecimiento en el mercado envasando 6.000 litros por hora.<\/div>\n<div dir=\"ltr\"><\/div>\n<div dir=\"ltr\">&ldquo;Nosotros somos transitorios en los cargos, ustedes, los empresarios, son permanentes. En estos &uacute;ltimos 20 a&ntilde;os, la vitivinicultura hizo un esfuerzo grande por transformarse. Tanto en los vi&ntilde;edos, en las bodegas y sobre todo en la concepci&oacute;n mental de los empresarios. Esa es una tarea constante y que no termina en un d&iacute;a, y&nbsp;que tiene que permanecer. Y en ese proceso continuo de transformaci&oacute;n seguimos trabajando y eso tiene muchas aristas&rdquo;, comenz&oacute; su discurso Vaqui&eacute;.<\/div>\n<div dir=\"ltr\"><\/div>\n<div dir=\"ltr\">En este contexto, el funcionario destac&oacute; la importancia de las inversiones para continuar el proceso de ofrecer productos que los consumidores demandan pese a la impacto negativo de la inflaci&oacute;n. &ldquo;Una arista fundamental es la de invertir, tener equipamiento que les permita a los empresarios bajar costos&nbsp;y&nbsp;trabajar con otros productores de uvas. Que les permita tambi&eacute;n mejorar condiciones ambientales, que es unas de las ideas b&aacute;sicas para luchar contra la concentraci&oacute;n,&nbsp;que&nbsp;tiene asuntos clave de tipo macroecon&oacute;micos pero tambi&eacute;n microecon&oacute;micos&rdquo;, agreg&oacute;.<\/div>\n<div dir=\"ltr\"><\/div>\n<div dir=\"ltr\">Respecto de&nbsp;este &uacute;ltimo aspecto, Vaqui&eacute; resalt&oacute; el esfuerzo de este nuevo desembolso de la bogeda con sede en San Mart&iacute;n. &ldquo;La forma microecon&oacute;mica es la manera de salirse o al menos de intentar mitigar la concentraci&oacute;n econ&oacute;mica. A trav&eacute;s de un proceso de inversi&oacute;n, de poder competitivo y poder darle oportunidades distintas a los productores y a todo el cl&uacute;ster vivitin&iacute;cola, que es lo que est&aacute; haciendo Pedro Carricondo&rdquo;, sostuvo.<\/div>\n<div dir=\"ltr\">\n<div><\/div>\n<div>\n<div>&ldquo;La forma de ir encontrando cu&aacute;l es el camino correcto al tener tantos problemas microecon&oacute;micos es apostar&nbsp;al di&aacute;logo, opinando, por eso hemos intentado desde el Gobierno ir a todas las instituciones. En ese marco, hay que apostar a las entidades. Si bien dentro de la cadena vitivin&iacute;cola hay jugadores muy grandes que tienen un gran poder de mercado, apostar a las instituciones como la COVIAR&nbsp;es un camino&rdquo;, asever&oacute;&nbsp;el ministro.<\/div>\n<div><\/div>\n<div>Por &uacute;ltimo, Vaqui&eacute; sostuvo&nbsp;que &ldquo;tanto para el mercado interno como para el externo, en las instituciones el sector productivo se tiene que fortalecer. Por eso el di&aacute;logo que piden los peque&ntilde;os y medianos productores es mejor mantenerlo en el marco de esas instituciones. Porque la apuesta a la inversi&oacute;n, aunque tenga una visi&oacute;n a largo plazo, es la clave. De otra manera, no habr&aacute; salarios dignos en la actividad econ&oacute;mica mendocina en el sector privado de Mendoza, y con salarios en blanco, como queremos.&nbsp;Si no hay gente que invierta y que &lsquo;entierre&rsquo; el dinero y que mejore la actividad sist&eacute;mica para todo el modelo&rdquo;.<\/div>\n<\/div>\n<\/div>\n<\/body><\/html>\n","protected":false},"excerpt":{"rendered":"Lo dijo el ministro  Enrique Vaqui\u00e9 en la presentaci\u00f3n del nuevo equipamiento de Agroindustrias Carricondo.","protected":false},"author":3,"featured_media":61705,"comment_status":"open","ping_status":"open","sticky":false,"template":"","format":"standard","meta":[],"categories":[1],"tags":[],"_links":{"self":[{"href":"https:\/\/www.mendoza.gov.ar\/prensa\/wp-json\/wp\/v2\/posts\/61702"}],"collection":[{"href":"https:\/\/www.mendoza.gov.ar\/prensa\/wp-json\/wp\/v2\/posts"}],"about":[{"href":"https:\/\/www.mendoza.gov.ar\/prensa\/wp-json\/wp\/v2\/types\/post"}],"author":[{"embeddable":true,"href":"https:\/\/www.mendoza.gov.ar\/prensa\/wp-json\/wp\/v2\/users\/3"}],"replies":[{"embeddable":true,"href":"https:\/\/www.mendoza.gov.ar\/prensa\/wp-json\/wp\/v2\/comments?post=61702"}],"version-history":[{"count":0,"href":"https:\/\/www.mendoza.gov.ar\/prensa\/wp-json\/wp\/v2\/posts\/61702\/revisions"}],"wp:featuredmedia":[{"embeddable":true,"href":"https:\/\/www.mendoza.gov.ar\/prensa\/wp-json\/wp\/v2\/media\/61705"}],"wp:attachment":[{"href":"https:\/\/www.mendoza.gov.ar\/prensa\/wp-json\/wp\/v2\/media?parent=61702"}],"wp:term":[{"taxonomy":"category","embeddable":true,"href":"https:\/\/www.mendoza.gov.ar\/prensa\/wp-json\/wp\/v2\/categories?post=61702"},{"taxonomy":"post_tag","embeddable":true,"href":"https:\/\/www.mendoza.gov.ar\/prensa\/wp-json\/wp\/v2\/tags?post=61702"}],"curies":[{"name":"wp","href":"https:\/\/api.w.org\/{rel}","templated":true}]}}