{"id":61711,"date":"2016-07-23T15:51:06","date_gmt":"2016-07-23T18:51:06","guid":{"rendered":"http:\/\/prensa.mendoza.gov.ar\/?p=61711"},"modified":"2016-07-23T15:51:06","modified_gmt":"2016-07-23T18:51:06","slug":"el-iscamen-se-reunio-con-el-consejo-asesor-productivo","status":"publish","type":"post","link":"https:\/\/www.mendoza.gov.ar\/prensa\/el-iscamen-se-reunio-con-el-consejo-asesor-productivo\/","title":{"rendered":"El titular deI Iscamen se reuni\u00f3 con el Consejo Asesor productivo"},"content":{"rendered":"<!DOCTYPE html PUBLIC \"-\/\/W3C\/\/DTD HTML 4.0 Transitional\/\/EN\" \"http:\/\/www.w3.org\/TR\/REC-html40\/loose.dtd\">\n<html><body><div>Los integrantes de las diversas entidades&nbsp;que conforman el Consejo Asesor del Iscamen solicitaron informaci&oacute;n acerca de la situaci&oacute;n institucional. El presidente Alejandro Molero respondi&oacute; las inquietudes y present&oacute;&nbsp;los nuevos lineamientos administrativos, financieros y t&eacute;cnicos para la instituci&oacute;n. En este sentido, destac&oacute; que&nbsp;&ldquo;se trata de un gran desaf&iacute;o el proceso de recuperar credibilidad, gesti&oacute;n y transparencia&rdquo;.<\/div>\n<div>\n<div><i><br>\n<\/i>Por otro lado, adelant&oacute; el objetivo de potenciar estas instancias de articulaci&oacute;n con el sector privado haciendo extensivas este tipo de reuniones en los diferentes oasis productivos de la provincia. As&iacute; tambi&eacute;n, ampliar la convocatoria para los pr&oacute;ximos encuentros para&nbsp;que haya&nbsp;mayor participaci&oacute;n.<\/div>\n<div><\/div>\n<div>El Consejo Asesor, representante de la actividad privada, estipulado en la Ley provincial 6333 y su decreto reglamentario 1508, est&aacute; conformado por referentes de los cuatro oasis productivos de Mendoza y del sector transportista.<\/div>\n<div><\/div>\n<div>Tras la salida del anterior presidente&nbsp;de la entidad, Ra&uacute;l Mill&aacute;n, el Iscamen busca mejorar la delicada situaci&oacute;n fitosanitaria que atraviesa la provincia y recuperar el orden administrativo y contable luego de una auditor&iacute;a que dej&oacute; al descubierto malos procedimientos y que deriv&oacute; en una presentaci&oacute;n ante el fiscal especial&nbsp;Juan Manuel Bancalari.<\/div>\n<\/div>\n<\/body><\/html>\n","protected":false},"excerpt":{"rendered":"El nuevo presidente de Iscamen, Alejandro Molero, y la secretaria t\u00e9cnica del Instituto, Mariel Van\u00edn, se reunieron con integrantes del Consejo Asesor representante de la actividad privada para mejorar la integraci\u00f3n con el sector productivo.","protected":false},"author":3,"featured_media":0,"comment_status":"open","ping_status":"open","sticky":false,"template":"","format":"standard","meta":[],"categories":[1],"tags":[],"_links":{"self":[{"href":"https:\/\/www.mendoza.gov.ar\/prensa\/wp-json\/wp\/v2\/posts\/61711"}],"collection":[{"href":"https:\/\/www.mendoza.gov.ar\/prensa\/wp-json\/wp\/v2\/posts"}],"about":[{"href":"https:\/\/www.mendoza.gov.ar\/prensa\/wp-json\/wp\/v2\/types\/post"}],"author":[{"embeddable":true,"href":"https:\/\/www.mendoza.gov.ar\/prensa\/wp-json\/wp\/v2\/users\/3"}],"replies":[{"embeddable":true,"href":"https:\/\/www.mendoza.gov.ar\/prensa\/wp-json\/wp\/v2\/comments?post=61711"}],"version-history":[{"count":0,"href":"https:\/\/www.mendoza.gov.ar\/prensa\/wp-json\/wp\/v2\/posts\/61711\/revisions"}],"wp:attachment":[{"href":"https:\/\/www.mendoza.gov.ar\/prensa\/wp-json\/wp\/v2\/media?parent=61711"}],"wp:term":[{"taxonomy":"category","embeddable":true,"href":"https:\/\/www.mendoza.gov.ar\/prensa\/wp-json\/wp\/v2\/categories?post=61711"},{"taxonomy":"post_tag","embeddable":true,"href":"https:\/\/www.mendoza.gov.ar\/prensa\/wp-json\/wp\/v2\/tags?post=61711"}],"curies":[{"name":"wp","href":"https:\/\/api.w.org\/{rel}","templated":true}]}}