{"id":61722,"date":"2016-07-23T06:17:42","date_gmt":"2016-07-23T09:17:42","guid":{"rendered":"http:\/\/prensa.mendoza.gov.ar\/?p=61722"},"modified":"2016-07-23T06:17:42","modified_gmt":"2016-07-23T09:17:42","slug":"escuela-eva-peron-comienzan-la-instalacion-de-las-nuevas-canerias","status":"publish","type":"post","link":"https:\/\/www.mendoza.gov.ar\/prensa\/escuela-eva-peron-comienzan-la-instalacion-de-las-nuevas-canerias\/","title":{"rendered":"Escuela Eva Per\u00f3n: comienza la instalaci\u00f3n de las nuevas ca\u00f1er\u00edas"},"content":{"rendered":"<!DOCTYPE html PUBLIC \"-\/\/W3C\/\/DTD HTML 4.0 Transitional\/\/EN\" \"http:\/\/www.w3.org\/TR\/REC-html40\/loose.dtd\">\n<html><body><div style=\"text-align: left\" align=\"center\">La Subsecretar&iacute;a de Infraestructura Social B&aacute;sica contin&uacute;a sin pausa con la obra de recambio definitivo del sistema de calefacci&oacute;n de la Escuela Hogar 8-448 Eva Per&oacute;n. Esta semana se concluyeron las rampas de acceso, las salidas de emergencia en el sector de las calderas y una parte de la tuber&iacute;a de vapor y agua existente.<\/div>\n<div style=\"text-align: justify\" align=\"center\"><\/div>\n<div style=\"text-align: left\" align=\"center\">La pr&oacute;xima semana se comenzar&aacute; con la instalaci&oacute;n de los m&aacute;s de 5,5 kil&oacute;metros de las nuevas ca&ntilde;er&iacute;as que en la actualidad alimentan las instalaciones del emblem&aacute;tico establecimiento educativo ubicado en el coraz&oacute;n del Parque General San Mart&iacute;n.<\/div>\n<div style=\"text-align: justify\" align=\"center\"><\/div>\n<div style=\"text-align: left\" align=\"center\">Seg&uacute;n consta en los pliegos, habr&aacute; un recambio de 4.200 metros de ca&ntilde;er&iacute;as de termofusi&oacute;n (agua) y 1.500 metros de tuber&iacute;as de acero (vapor), adem&aacute;s del remplazo de los intercambiadores, revisi&oacute;n de las calderas, la instalaci&oacute;n de 70 nuevos radiadores, y la limpieza qu&iacute;mica de los restantes, que en la actualidad superan los 200.<\/div>\n<div style=\"text-align: justify\" align=\"center\"><\/div>\n<div style=\"text-align: left\" align=\"center\">La obra, que demandar&aacute; una inversi&oacute;n oficial superior a $10.000.000, tiene&nbsp;un plazo de ejecuci&oacute;n cercano a los 6 meses, es decir que concluir&aacute; a fines de 2016, con el objetivo de que el enorme inmueble escolar no vuelva a presentar inconvenientes relacionados con la calefacci&oacute;n de sus instalaciones, sobre todo a partir del invierno de 2017.<\/div>\n<div style=\"text-align: justify\" align=\"center\"><\/div>\n<div style=\"text-align: left\" align=\"center\">Por una cuesti&oacute;n de tiempos y por tratarse s&oacute;lo del sector de calderas, est&aacute; previsto que las tareas se realicen en &ldquo;convivencia&rdquo; con docentes y alumnos, con todas las medidas de seguridad correspondientes.<\/div>\n<div><\/div>\n<div style=\"text-align: left\">Este recambio de ca&ntilde;er&iacute;as ha sido muy esperado y anhelado por la comunidad educativa, dado que all&iacute; asisten m&aacute;s de 400 alumnos provenientes de varios departamentos. Sucede que este sistema de calefacci&oacute;n central nunca fue intervenido por completo desde la construcci&oacute;n del edificio, en&nbsp;los a&ntilde;os 50.<\/div>\n<div><\/div>\n<div>El enorme inmueble educativo ocupa m&aacute;s de 7.000 metros cuadrados de superficie cubierta, enclavado en un predio que alcanza las 9 hect&aacute;reas. Se trata de un establecimiento escolar emblem&aacute;tico para la provincia.<\/div>\n<div><\/div>\n<div>El sistema de ca&ntilde;er&iacute;as de calefacci&oacute;n de la escuela Eva Per&oacute;n presenta un gran deterioro. Ya tiene m&aacute;s de 60 a&ntilde;os y necesita un remplazo urgente. En tanto, y m&aacute;s all&aacute; de la obra de fondo, en los &uacute;ltimos dos meses este sistema de calefacci&oacute;n ya fue sometido a reparaciones menores y provisorias, debido a que se produjeron roturas a causa de un desgaste natural por el paso de los a&ntilde;os.<\/div>\n<div><\/div>\n<div>Las tareas incluyeron la refacci&oacute;n de varios elementos internos de la caldera y hasta la tapa, incluida una limpieza qu&iacute;mica del artefacto. Tambi&eacute;n se produjeron p&eacute;rdidas de agua y obstrucciones de algunos radiantes. Todos trabajos que ya fueron solucionados por el &aacute;rea de calefacci&oacute;n de la Subsecretar&iacute;a de Infraestructura Social B&aacute;sica.<\/div>\n<\/body><\/html>\n","protected":false},"excerpt":{"rendered":"Ser\u00e1 la pr\u00f3xima semana, tras desmontar una parte de la tuber\u00eda de vapor y agua vieja. Tambi\u00e9n se realizaron las rampas de acceso y salidas de emergencia en la zona de calderas. El presupuesto oficial de la obra superar\u00e1 los $10.000.000.","protected":false},"author":3,"featured_media":61725,"comment_status":"open","ping_status":"open","sticky":false,"template":"","format":"standard","meta":[],"categories":[1],"tags":[],"_links":{"self":[{"href":"https:\/\/www.mendoza.gov.ar\/prensa\/wp-json\/wp\/v2\/posts\/61722"}],"collection":[{"href":"https:\/\/www.mendoza.gov.ar\/prensa\/wp-json\/wp\/v2\/posts"}],"about":[{"href":"https:\/\/www.mendoza.gov.ar\/prensa\/wp-json\/wp\/v2\/types\/post"}],"author":[{"embeddable":true,"href":"https:\/\/www.mendoza.gov.ar\/prensa\/wp-json\/wp\/v2\/users\/3"}],"replies":[{"embeddable":true,"href":"https:\/\/www.mendoza.gov.ar\/prensa\/wp-json\/wp\/v2\/comments?post=61722"}],"version-history":[{"count":0,"href":"https:\/\/www.mendoza.gov.ar\/prensa\/wp-json\/wp\/v2\/posts\/61722\/revisions"}],"wp:featuredmedia":[{"embeddable":true,"href":"https:\/\/www.mendoza.gov.ar\/prensa\/wp-json\/wp\/v2\/media\/61725"}],"wp:attachment":[{"href":"https:\/\/www.mendoza.gov.ar\/prensa\/wp-json\/wp\/v2\/media?parent=61722"}],"wp:term":[{"taxonomy":"category","embeddable":true,"href":"https:\/\/www.mendoza.gov.ar\/prensa\/wp-json\/wp\/v2\/categories?post=61722"},{"taxonomy":"post_tag","embeddable":true,"href":"https:\/\/www.mendoza.gov.ar\/prensa\/wp-json\/wp\/v2\/tags?post=61722"}],"curies":[{"name":"wp","href":"https:\/\/api.w.org\/{rel}","templated":true}]}}