{"id":61771,"date":"2016-07-23T15:02:53","date_gmt":"2016-07-23T18:02:53","guid":{"rendered":"http:\/\/prensa.mendoza.gov.ar\/?p=61771"},"modified":"2016-07-23T15:02:53","modified_gmt":"2016-07-23T18:02:53","slug":"ambiente-impulsa-el-proceso-para-la-remediacion-ambiental-de-sierra-pintada","status":"publish","type":"post","link":"https:\/\/www.mendoza.gov.ar\/prensa\/ambiente-impulsa-el-proceso-para-la-remediacion-ambiental-de-sierra-pintada\/","title":{"rendered":"Ambiente impulsa la remediaci\u00f3n de Sierra Pintada"},"content":{"rendered":"<!DOCTYPE html PUBLIC \"-\/\/W3C\/\/DTD HTML 4.0 Transitional\/\/EN\" \"http:\/\/www.w3.org\/TR\/REC-html40\/loose.dtd\">\n<html><body><p dir=\"ltr\">La Secretar&iacute;a de Ambiente y Ordenamiento Territorial de la Provincia le dio curso a la Manifestaci&oacute;n de Impacto Ambiental que present&oacute; la Comisi&oacute;n Nacional de Energ&iacute;a At&oacute;mica (CNEA) por Sierra Pintada. Uno de los factores que se tienen en cuenta es lograr el consenso social y que la comunidad en su conjunto conozca&nbsp;los pasos que se van a dar hasta llegar a la Audiencia P&uacute;blica.<\/p>\n<p dir=\"ltr\">El objetivo es la transparencia y el acceso a la informaci&oacute;n, para lo cual ya se ha digitalizado el expediente y ser&aacute;&nbsp;de acceso p&uacute;blico. El estudio ambiental que se analiza por estos d&iacute;as fue presentado por la CNEA en abril de 2014 y es una actualizaci&oacute;n del que se present&oacute; en 2006.<\/p>\n<p dir=\"ltr\">El secretario de Ambiente, Humberto Mingorance, anunci&oacute;: &ldquo;No hay forma de reactivar la mina porque los procedimientos actuales para la explotaci&oacute;n se contraponen con la Ley 7722&rdquo;. El funcionario estuvo en el Sur junto con el jefe de Gabinete, Eduardo Sosa. En San Rafael, se reunieron con la Multisectorial &nbsp;y con representantes de la Asamblea del Agua.<\/p>\n<p dir=\"ltr\">Tras la decisi&oacute;n de no autorizar la actividad de esta mina, Mingorance asegur&oacute;: &ldquo;Vamos a armar un acto administrativo pero solamente para Sierra Pintada. No algo que forme parte de una norma general, donde queda claro que es solamente para remediar la totalidad de los pasivos y que se proh&iacute;be la reapertura para explotaci&oacute;n&rdquo;.<\/p>\n<p dir=\"ltr\">Finalmente, Mingorance se mostr&oacute; satisfecho por el encuentro y consider&oacute; que fue muy productivo, ya que as&iacute; lo expresaron los mismos asistentes y quedaron de acuerdo en mantener reuniones futuras y establecer una agenda de trabajo.<\/p>\n<\/body><\/html>\n","protected":false},"excerpt":{"rendered":"El secretario de Ambiente y Ordenamiento Territorial, Humberto Mingorance, y el jefe de Gabinete de la cartera, Eduardo Sosa, viajaron a San Rafael para reunirse con la multisectorial del Sur, la de General Alvear y la Asamblea por el Agua y as\u00ed definir, de forma conjunta, el futuro de Sierra Pintada. Adem\u00e1s se confirm\u00f3 que no se reactivar\u00e1 la explotaci\u00f3n de la mina.","protected":false},"author":3,"featured_media":61772,"comment_status":"open","ping_status":"open","sticky":false,"template":"","format":"standard","meta":[],"categories":[3],"tags":[],"_links":{"self":[{"href":"https:\/\/www.mendoza.gov.ar\/prensa\/wp-json\/wp\/v2\/posts\/61771"}],"collection":[{"href":"https:\/\/www.mendoza.gov.ar\/prensa\/wp-json\/wp\/v2\/posts"}],"about":[{"href":"https:\/\/www.mendoza.gov.ar\/prensa\/wp-json\/wp\/v2\/types\/post"}],"author":[{"embeddable":true,"href":"https:\/\/www.mendoza.gov.ar\/prensa\/wp-json\/wp\/v2\/users\/3"}],"replies":[{"embeddable":true,"href":"https:\/\/www.mendoza.gov.ar\/prensa\/wp-json\/wp\/v2\/comments?post=61771"}],"version-history":[{"count":0,"href":"https:\/\/www.mendoza.gov.ar\/prensa\/wp-json\/wp\/v2\/posts\/61771\/revisions"}],"wp:featuredmedia":[{"embeddable":true,"href":"https:\/\/www.mendoza.gov.ar\/prensa\/wp-json\/wp\/v2\/media\/61772"}],"wp:attachment":[{"href":"https:\/\/www.mendoza.gov.ar\/prensa\/wp-json\/wp\/v2\/media?parent=61771"}],"wp:term":[{"taxonomy":"category","embeddable":true,"href":"https:\/\/www.mendoza.gov.ar\/prensa\/wp-json\/wp\/v2\/categories?post=61771"},{"taxonomy":"post_tag","embeddable":true,"href":"https:\/\/www.mendoza.gov.ar\/prensa\/wp-json\/wp\/v2\/tags?post=61771"}],"curies":[{"name":"wp","href":"https:\/\/api.w.org\/{rel}","templated":true}]}}