{"id":61834,"date":"2016-07-26T15:45:40","date_gmt":"2016-07-26T18:45:40","guid":{"rendered":"http:\/\/prensa.mendoza.gov.ar\/?p=61834"},"modified":"2016-07-26T15:45:40","modified_gmt":"2016-07-26T18:45:40","slug":"el-gobernador-presento-un-plan-de-obras-viales-para-el-periodo-2016-2019","status":"publish","type":"post","link":"https:\/\/www.mendoza.gov.ar\/prensa\/el-gobernador-presento-un-plan-de-obras-viales-para-el-periodo-2016-2019\/","title":{"rendered":"El Gobernador present\u00f3 un plan de obras viales para el per\u00edodo 2016-2019"},"content":{"rendered":"<!DOCTYPE html PUBLIC \"-\/\/W3C\/\/DTD HTML 4.0 Transitional\/\/EN\" \"http:\/\/www.w3.org\/TR\/REC-html40\/loose.dtd\">\n<html><body><div dir=\"ltr\">\n<p>El Gobernador Alfredo Cornejo y el ministro de Transporte de la Naci&oacute;n, Guillermo Dietrich, rubricaron un acuerdo que permitir&aacute; la ejecuci&oacute;n de obras viales para rutas nacionales y provinciales. En&nbsp;el acto tambi&eacute;n participaron el&nbsp;ministro de Econom&iacute;a, Infraestructura y Energ&iacute;a, Enrique Vaqui&eacute;; el administrador de la Direcci&oacute;n Nacional de Vialidad, Javier Iguacel, y el administrador de la Direcci&oacute;n Provincial de Vialidad, Oscar Sandes.<\/p>\n<div>Se trata de un plan para el per&iacute;odo 2016-2019 a trav&eacute;s del cual se financiar&aacute;n 872 km pertenecientes a las rutas nacionales 40, 7, 186,143, 144 y 146. Se estima una inversi&oacute;n de $8.284 millones, $2.000 m&aacute;s de lo acordado con el ministro de Transporte de la Naci&oacute;n durante su visita en Vendimia.<\/div>\n<div><\/div>\n<div>El Gobernador afirm&oacute;: &ldquo;Queremos que el sector privado tenga las mejores condiciones para invertir, por ello es tan necesario este dinero. Es un convenio muy importante que largamente esperan los mendocinos y esta vez se va a ejecutar por completo&rdquo;.<\/div>\n<div><\/div>\n<div>Adem&aacute;s, el Gobernador explic&oacute;: &ldquo;Vamos a trabajar en conjunto con la Naci&oacute;n, ya que el crecimiento econ&oacute;mico de Mendoza no estaba acompa&ntilde;ado por el desarrollo en materia de infraestructura. La prioridad de ejecuci&oacute;n se estableci&oacute; en funci&oacute;n de que las rutas nacionales necesitaban de esta inversi&oacute;n. Nuestra cartera de proyectos era bastante pobre y trabajamos en recuperar y reformular muchos de los proyectos ya existentes&rdquo;.<\/div>\n<div><\/div>\n<div>El convenio se enmarca en&nbsp;el Plan Federal de Obras, que tiene como objetivos principales duplicar la cantidad de autopistas y recuperar la red ferroviaria. Adem&aacute;s, busca reducir los incidentes viales proponiendo caminos m&aacute;s seguros.<\/div>\n<div><\/div>\n<div>Tambi&eacute;n se pretende optimizar la infraestructura vial del Paso Internacional Los Libertadores, dada la creciente demanda de tr&aacute;nsito&nbsp; y la necesidad de adecuar la plataforma log&iacute;stica y operativa.<\/div>\n<div><\/div>\n<div><b>El detalle del acuerdo con la Naci&oacute;n<\/b><\/div>\n<div><\/div>\n<div>El acuerdo firmado entre la Naci&oacute;n y la Provincia de Mendoza estima la construcci&oacute;n, reacondicionamiento y pavimentaci&oacute;n de 872 kil&oacute;metros&nbsp;de caminos, con una inversi&oacute;n aproximada de 8.284 millones de pesos.<\/div>\n<div><\/div>\n<div>El ministro de Transporte, Guillermo Dietrich, coment&oacute; que &ldquo;hay un presupuesto vial muy ambicioso para la provincia. A diferencia de otros a&ntilde;os, esta vez afirmamos cuando se comienza la obra y cuando se termina&rdquo;.<\/div>\n<div><\/div>\n<div>&ldquo;Respecto de&nbsp;las obras que se realizaran en el paso internacional, estamos trabajando con el BID y el Gobierno de Chile para ver la posibilidad de financiar en conjunto parte de ellas&rdquo;, agreg&oacute; Dietrich.<\/div>\n<div><\/div>\n<div>El ministro adem&aacute;s anunci&oacute; que &ldquo;se encuentra muy avanzado el proyecto que permitir&aacute; la reconstrucci&oacute;n del Ferrocarril de Carga de San Mart&iacute;n: se trata de 1.200 kil&oacute;metros de v&iacute;as&rdquo;.<\/div>\n<\/div>\n<div><\/div>\n<div><b>Plan provincial de obras<\/b><\/div>\n<div dir=\"ltr\">\n<div><\/div>\n<div>En la conferencia de prensa se anunci&oacute; que se prev&eacute;n fondos para la repavimentaci&oacute;n de la svenida Boulogne Sur Mer (60 millones de pesos), de la calle Pedro Molina&nbsp; (60 millones de pesos) y del Parque General San Mart&iacute;n (60 millones de pesos), entre otras obras.<\/div>\n<div><\/div>\n<div>Por otro lado, la ejecuci&oacute;n del cuarto tramo del Corredor del Oeste que unir&aacute; la calle Juan Jos&eacute; Paso de Luj&aacute;n de Cuyo con esa v&iacute;a (se destinar&aacute;n 800 millones de pesos) y&nbsp;la reconstrucci&oacute;n de la Ruta Provincial 82, que se realizar&aacute; en dos etapas que demandar&aacute;n 1.500 millones y 800 millones de pesos respectivamente.<\/div>\n<div><\/div>\n<div>En referencia a las obras locales, el ministro de Econom&iacute;a, Enrique Vaqui&eacute;, explic&oacute; que &ldquo;antes, la Provincia se compromet&iacute;a a hacer obras y, una vez finalizadas, el Estado nacional les devolv&iacute;a el dinero. En realidad esto nunca sucedi&oacute;. Esta es la primera vez que la Naci&oacute;n invierte con anticipaci&oacute;n y luego ejecuta&rdquo;.<\/div>\n<div><\/div>\n<div>&ldquo;Para los pr&oacute;ximos tres a&ntilde;os vamos a recibir una inversi&oacute;n de 6 mil millones de pesos que ser&aacute;n destinados a estas obras provinciales que anunciamos, aparte de los 8.284 millones de pesos para obras de injerencia nacional&rdquo;, detall&oacute; Vaqui&eacute;.<\/div>\n<div><\/div>\n<div>\n<div><b>El Plan de Obras incluye las siguientes rutas:<\/b><\/div>\n<div><\/div>\n<div>\n<ul>\n<li>Ruta Nacional 40 tramo San Juan-Mendoza: 160 km de duplicaci&oacute;n de calzada y autopista.<\/li>\n<li>Ruta Nacional tramo 40 Pareditas-El Sosneado: 140 km de pavimentaci&oacute;n (obra en ejecuci&oacute;n).<\/li>\n<li>Ruta Nacional 40 &nbsp;tramo La Pasarela-Bardas Blancas: &nbsp;60 km de pavimentaci&oacute;n en ruta nueva (obra en ejecuci&oacute;n).<\/li>\n<li>Ruta Nacional 40 tramo &nbsp;La Pasarela-Ranquil Norte:&nbsp;46 km de pavimentaci&oacute;n en ruta nueva.<\/li>\n<li>Ruta Nacional 40 tramo Barrancas-El Sosneado: en una extensi&oacute;n de 3 km se realizar&aacute;n puentes sobre los r&iacute;os Loncoche y Malarg&uuml;e.<\/li>\n<li>Ruta Nacional 40 &nbsp;tramo Luj&aacute;n de Cuyo-Tunuy&aacute;n:&nbsp;30 km de puentes sobre la doble v&iacute;a.<\/li>\n<li>Ruta Nacional 40 tramo Acceso Sur a Mendoza:&nbsp;ejecuci&oacute;n de la tercera trocha en una extensi&oacute;n de 8 km desde Calle Paso hasta el C&oacute;ndor (obra en ejecuci&oacute;n).<\/li>\n<li>Ruta Nacional 40, &nbsp;Acceso Sur a Mendoza: ejecuci&oacute;n de la tercera trocha desde la RP 60 hasta la RN 7 en un total de 11 km.<\/li>\n<li>Ruta Nacional 7 paso por Desaguadero: 6 km de duplicaci&oacute;n de calzada y autopista.<\/li>\n<li>Ruta Nacional 7, variante Palmira: construcci&oacute;n de autopista nueva en una extensi&oacute;n de 34 km.<\/li>\n<li>Ruta Provincial 186 intersecci&oacute;n RN 40-puesto de Guardaparques: pavimentaci&oacute;n de 35 km.<\/li>\n<li>Ruta Nacional 143, variante General&nbsp;Alvear: pavimentaci&oacute;n en ruta nueva de 10 km.<\/li>\n<li>Ruta Nacional 143 empalme RN 144 Carmensa:&nbsp;reconstrucci&oacute;n y mantenimiento de 108 km.<\/li>\n<li>Rutas nacionales 143, 146 y 144: reconstrucci&oacute;n y mantenimiento de 324 km.<\/li>\n<\/ul>\n<\/div>\n<\/div>\n<\/div>\n<\/body><\/html>\n","protected":false},"excerpt":{"rendered":"Alfredo Cornejo firm\u00f3 un convenio con el ministro de Transporte de la Naci\u00f3n, Guillermo Dietrich, que permitir\u00e1 la ejecuci\u00f3n de obras viales para rutas nacionales y provinciales.","protected":false},"author":3,"featured_media":61838,"comment_status":"open","ping_status":"open","sticky":false,"template":"","format":"standard","meta":[],"categories":[19],"tags":[],"_links":{"self":[{"href":"https:\/\/www.mendoza.gov.ar\/prensa\/wp-json\/wp\/v2\/posts\/61834"}],"collection":[{"href":"https:\/\/www.mendoza.gov.ar\/prensa\/wp-json\/wp\/v2\/posts"}],"about":[{"href":"https:\/\/www.mendoza.gov.ar\/prensa\/wp-json\/wp\/v2\/types\/post"}],"author":[{"embeddable":true,"href":"https:\/\/www.mendoza.gov.ar\/prensa\/wp-json\/wp\/v2\/users\/3"}],"replies":[{"embeddable":true,"href":"https:\/\/www.mendoza.gov.ar\/prensa\/wp-json\/wp\/v2\/comments?post=61834"}],"version-history":[{"count":0,"href":"https:\/\/www.mendoza.gov.ar\/prensa\/wp-json\/wp\/v2\/posts\/61834\/revisions"}],"wp:featuredmedia":[{"embeddable":true,"href":"https:\/\/www.mendoza.gov.ar\/prensa\/wp-json\/wp\/v2\/media\/61838"}],"wp:attachment":[{"href":"https:\/\/www.mendoza.gov.ar\/prensa\/wp-json\/wp\/v2\/media?parent=61834"}],"wp:term":[{"taxonomy":"category","embeddable":true,"href":"https:\/\/www.mendoza.gov.ar\/prensa\/wp-json\/wp\/v2\/categories?post=61834"},{"taxonomy":"post_tag","embeddable":true,"href":"https:\/\/www.mendoza.gov.ar\/prensa\/wp-json\/wp\/v2\/tags?post=61834"}],"curies":[{"name":"wp","href":"https:\/\/api.w.org\/{rel}","templated":true}]}}