{"id":61841,"date":"2016-07-26T16:12:43","date_gmt":"2016-07-26T19:12:43","guid":{"rendered":"http:\/\/prensa.mendoza.gov.ar\/?p=61841"},"modified":"2016-07-26T16:12:43","modified_gmt":"2016-07-26T19:12:43","slug":"ambiente-trabaja-en-la-prevencion-de-incendios-rurales","status":"publish","type":"post","link":"https:\/\/www.mendoza.gov.ar\/prensa\/ambiente-trabaja-en-la-prevencion-de-incendios-rurales\/","title":{"rendered":"Ambiente trabaja en la prevenci\u00f3n de incendios rurales"},"content":{"rendered":"<!DOCTYPE html PUBLIC \"-\/\/W3C\/\/DTD HTML 4.0 Transitional\/\/EN\" \"http:\/\/www.w3.org\/TR\/REC-html40\/loose.dtd\">\n<html><body><p>Con el fin de prevenir incendios en &aacute;reas rurales antes de la temporada de viento Zonda, el Servicio Provincial de Manejo del Fuego brinda charlas informativas a productores para reforzar las precauciones y recorre zonas la alta vulnerabilidad.<\/p>\n<p>Las quemas como m&eacute;todo de limpieza de campos est&aacute;n terminantemente prohibidas por la Ley nacional 13273 y la Ley provincial 6099.<\/p>\n<p>Las excepciones a la reglamentaci&oacute;n deben ser autorizadas por la Direcci&oacute;n de Recursos Naturales Renovables. Para esto, el &nbsp;propietario del campo debe presentar por mesa de entrada una nota explicativa dirigida a la ingeniera Mabel Chambouleyron, titular de la Direcci&oacute;n de Recursos Naturales Renovables.<\/p>\n<p>Para m&aacute;s&nbsp;informaci&oacute;n, comunicarse con el tel&eacute;fono&nbsp;0261 4201408\/4252090\/4257065.<\/p>\n<\/body><\/html>\n","protected":false},"excerpt":{"rendered":"La Secretar\u00eda de Ambiente y Ordenamiento Territorial lleva adelante una campa\u00f1a de concientizaci\u00f3n para evitar siniestros este a\u00f1o en que se ha incrementado la vegetaci\u00f3n debido al ciclo clim\u00e1tico h\u00famedo.  ","protected":false},"author":3,"featured_media":61842,"comment_status":"open","ping_status":"open","sticky":false,"template":"","format":"standard","meta":[],"categories":[3],"tags":[],"_links":{"self":[{"href":"https:\/\/www.mendoza.gov.ar\/prensa\/wp-json\/wp\/v2\/posts\/61841"}],"collection":[{"href":"https:\/\/www.mendoza.gov.ar\/prensa\/wp-json\/wp\/v2\/posts"}],"about":[{"href":"https:\/\/www.mendoza.gov.ar\/prensa\/wp-json\/wp\/v2\/types\/post"}],"author":[{"embeddable":true,"href":"https:\/\/www.mendoza.gov.ar\/prensa\/wp-json\/wp\/v2\/users\/3"}],"replies":[{"embeddable":true,"href":"https:\/\/www.mendoza.gov.ar\/prensa\/wp-json\/wp\/v2\/comments?post=61841"}],"version-history":[{"count":0,"href":"https:\/\/www.mendoza.gov.ar\/prensa\/wp-json\/wp\/v2\/posts\/61841\/revisions"}],"wp:featuredmedia":[{"embeddable":true,"href":"https:\/\/www.mendoza.gov.ar\/prensa\/wp-json\/wp\/v2\/media\/61842"}],"wp:attachment":[{"href":"https:\/\/www.mendoza.gov.ar\/prensa\/wp-json\/wp\/v2\/media?parent=61841"}],"wp:term":[{"taxonomy":"category","embeddable":true,"href":"https:\/\/www.mendoza.gov.ar\/prensa\/wp-json\/wp\/v2\/categories?post=61841"},{"taxonomy":"post_tag","embeddable":true,"href":"https:\/\/www.mendoza.gov.ar\/prensa\/wp-json\/wp\/v2\/tags?post=61841"}],"curies":[{"name":"wp","href":"https:\/\/api.w.org\/{rel}","templated":true}]}}