{"id":61898,"date":"2016-07-27T08:03:54","date_gmt":"2016-07-27T11:03:54","guid":{"rendered":"http:\/\/prensa.mendoza.gov.ar\/?p=61898"},"modified":"2016-07-27T08:03:54","modified_gmt":"2016-07-27T11:03:54","slug":"osep-san-rafael-amplia-horarios","status":"publish","type":"post","link":"https:\/\/www.mendoza.gov.ar\/prensa\/osep-san-rafael-amplia-horarios\/","title":{"rendered":"OSEP San Rafael ampl\u00eda horarios"},"content":{"rendered":"<!DOCTYPE html PUBLIC \"-\/\/W3C\/\/DTD HTML 4.0 Transitional\/\/EN\" \"http:\/\/www.w3.org\/TR\/REC-html40\/loose.dtd\">\n<html><body><div>Con el fin de brindar m&aacute;s y mejor atenci&oacute;n, el sector de Planes Especiales de la delegaci&oacute;n de la Obra Social de Empleados P&uacute;blicos (OSEP) en&nbsp;San Rafael ampli&oacute; el&nbsp;horario para que los afiliados puedan realizar sus tr&aacute;mites tambi&eacute;n a&nbsp;la tarde.<\/div>\n<div><\/div>\n<div>Dentro de este sector, el afiliado puede concurrir a realizar:<\/div>\n<div>&ndash; Alta, autorizaci&oacute;n, carga y entrega de recetas de Planes Especiales.<br>\n&ndash; Entrega de medicamentos de Oncolog&iacute;a y Planes Especiales.<br>\n&ndash; Entrega de leche y chequeras de Plan Materno.<\/div>\n<div><\/div>\n<div>Los horarios son los siguientes:<\/div>\n<div><\/div>\n<div>Planes Especiales: lunes&nbsp;a&nbsp;viernes, de 7 a 17.<br>\nEntrega de medicaci&oacute;n: lunes&nbsp;a&nbsp;viernes&nbsp;7.30 a 11.30.<br>\nOncolog&iacute;a: lunes&nbsp;a&nbsp;viernes,de 8 a 12.<br>\nPlan Materno,&nbsp;Entrega de leche: lunes&nbsp;a&nbsp;viernes, de 7 a 17.<\/div>\n<div><\/div>\n<div dir=\"ltr\">Los tr&aacute;mites se realizan en la calle Entre R&iacute;os 345, Ciudad de San Rafael.<\/div>\n<\/body><\/html>\n","protected":false},"excerpt":{"rendered":"Los tr\u00e1mites de Planes Especiales, Plan Materno, Oncolog\u00eda y medicamentos se realizan en Entre R\u00edos 345 del departamento sure\u00f1o.","protected":false},"author":3,"featured_media":0,"comment_status":"open","ping_status":"open","sticky":false,"template":"","format":"standard","meta":[],"categories":[30],"tags":[],"_links":{"self":[{"href":"https:\/\/www.mendoza.gov.ar\/prensa\/wp-json\/wp\/v2\/posts\/61898"}],"collection":[{"href":"https:\/\/www.mendoza.gov.ar\/prensa\/wp-json\/wp\/v2\/posts"}],"about":[{"href":"https:\/\/www.mendoza.gov.ar\/prensa\/wp-json\/wp\/v2\/types\/post"}],"author":[{"embeddable":true,"href":"https:\/\/www.mendoza.gov.ar\/prensa\/wp-json\/wp\/v2\/users\/3"}],"replies":[{"embeddable":true,"href":"https:\/\/www.mendoza.gov.ar\/prensa\/wp-json\/wp\/v2\/comments?post=61898"}],"version-history":[{"count":0,"href":"https:\/\/www.mendoza.gov.ar\/prensa\/wp-json\/wp\/v2\/posts\/61898\/revisions"}],"wp:attachment":[{"href":"https:\/\/www.mendoza.gov.ar\/prensa\/wp-json\/wp\/v2\/media?parent=61898"}],"wp:term":[{"taxonomy":"category","embeddable":true,"href":"https:\/\/www.mendoza.gov.ar\/prensa\/wp-json\/wp\/v2\/categories?post=61898"},{"taxonomy":"post_tag","embeddable":true,"href":"https:\/\/www.mendoza.gov.ar\/prensa\/wp-json\/wp\/v2\/tags?post=61898"}],"curies":[{"name":"wp","href":"https:\/\/api.w.org\/{rel}","templated":true}]}}