{"id":61947,"date":"2016-07-27T13:51:29","date_gmt":"2016-07-27T16:51:29","guid":{"rendered":"http:\/\/prensa.mendoza.gov.ar\/?p=61947"},"modified":"2016-07-27T13:51:29","modified_gmt":"2016-07-27T16:51:29","slug":"economia-capacita-a-emprendedores-sobre-formulacion-de-proyectos","status":"publish","type":"post","link":"https:\/\/www.mendoza.gov.ar\/prensa\/economia-capacita-a-emprendedores-sobre-formulacion-de-proyectos\/","title":{"rendered":"Econom\u00eda capacita a emprendedores sobre formulaci\u00f3n de proyectos"},"content":{"rendered":"<!DOCTYPE html PUBLIC \"-\/\/W3C\/\/DTD HTML 4.0 Transitional\/\/EN\" \"http:\/\/www.w3.org\/TR\/REC-html40\/loose.dtd\">\n<html><body><div class=\"adn ads\">\n<div class=\"gs\">\n<div id=\":zq\" class=\"ii gt adP adO\">\n<div id=\":11m\" class=\"a3s aXjCH m1562d1ba3479fcd7\">\n<div>El Ministerio de Econom&iacute;a, Infraestructura y Energ&iacute;a invita a&nbsp;emprendedores locales a la capacitaci&oacute;n Fondos de Incubaci&oacute;n que se&nbsp;realizar&aacute; ma&ntilde;ana jueves 28 de julio a partir de las 18 hs en La Enoteca,&nbsp;ubicada en Peltier 611 de Ciudad.<\/div>\n<div><\/div>\n<div>En este encuentro se presentar&aacute;n las l&iacute;neas de financiamiento Fondos de&nbsp;Incubaci&oacute;n&nbsp; PACe y Fondo Semilla, ambas a cargo de Sebasti&aacute;n Curet de la&nbsp;Direcci&oacute;n Nacional de Capital Emprendedor.<\/div>\n<div><\/div>\n<div>Luego se llevar&aacute; a cabo el taller Herramientas para aplicar a Fondo&nbsp;Semilla a cargo de Mariano Mollura, coordinador de la l&iacute;nea.<\/div>\n<div>Este fondo promueve el surgimiento, desarrollo y fortalecimiento de&nbsp;emprendimientos innovadores, brindando a trav&eacute;s de incubadoras, asistencia&nbsp;financiera y t&eacute;cnica.<\/div>\n<div><\/div>\n<div>El monto que se otorga va entre los $50 mil y los $150 mil y los sectores&nbsp;elegibles son TIC, Biotecnolog&iacute;a y farmac&eacute;utico y Tradicionales (que&nbsp;incluye artesan&iacute;as y papeler&iacute;a, alimentos, textiles, construcci&oacute;n,&nbsp;manufacturas, marroquiner&iacute;a, muebles).<\/div>\n<div><\/div>\n<div>Por su parte el PACe, se instrumenta a trav&eacute;s de Aportes No Reembolsables&nbsp;de hasta $150 mil para cubrir hasta el 85% del Plan de Negocios para la&nbsp;puesta en marcha y desarrollo inicial de emprendimientos (con menos de 2&nbsp;a&ntilde;os de actividad verificable) que hayan transitado un proceso de estudio&nbsp;y gestaci&oacute;n en una Incubadora.<\/div>\n<div><\/div>\n<div>Para mayor informaci&oacute;n, comunicarse con la Direcci&oacute;n de Desarrollo&nbsp;Tecnol&oacute;gico y Empleo al tel&eacute;fono (0261) 4492534.\n<div class=\"yj6qo\"><\/div>\n<\/div>\n<\/div>\n<\/div>\n<div class=\"hi\"><\/div>\n<\/div>\n<div class=\"ajx\"><\/div>\n<\/div>\n<div class=\"gA gt acV\"><\/div>\n<\/body><\/html>\n","protected":false},"excerpt":{"rendered":"Esta iniciativa es para postular a las l\u00edneas Fondo Semilla y PAC Emprendedores (PACe) del Ministerio de Producci\u00f3n de la Naci\u00f3n.","protected":false},"author":3,"featured_media":0,"comment_status":"open","ping_status":"open","sticky":false,"template":"","format":"standard","meta":[],"categories":[1],"tags":[],"_links":{"self":[{"href":"https:\/\/www.mendoza.gov.ar\/prensa\/wp-json\/wp\/v2\/posts\/61947"}],"collection":[{"href":"https:\/\/www.mendoza.gov.ar\/prensa\/wp-json\/wp\/v2\/posts"}],"about":[{"href":"https:\/\/www.mendoza.gov.ar\/prensa\/wp-json\/wp\/v2\/types\/post"}],"author":[{"embeddable":true,"href":"https:\/\/www.mendoza.gov.ar\/prensa\/wp-json\/wp\/v2\/users\/3"}],"replies":[{"embeddable":true,"href":"https:\/\/www.mendoza.gov.ar\/prensa\/wp-json\/wp\/v2\/comments?post=61947"}],"version-history":[{"count":0,"href":"https:\/\/www.mendoza.gov.ar\/prensa\/wp-json\/wp\/v2\/posts\/61947\/revisions"}],"wp:attachment":[{"href":"https:\/\/www.mendoza.gov.ar\/prensa\/wp-json\/wp\/v2\/media?parent=61947"}],"wp:term":[{"taxonomy":"category","embeddable":true,"href":"https:\/\/www.mendoza.gov.ar\/prensa\/wp-json\/wp\/v2\/categories?post=61947"},{"taxonomy":"post_tag","embeddable":true,"href":"https:\/\/www.mendoza.gov.ar\/prensa\/wp-json\/wp\/v2\/tags?post=61947"}],"curies":[{"name":"wp","href":"https:\/\/api.w.org\/{rel}","templated":true}]}}