{"id":62175,"date":"2016-07-29T13:16:34","date_gmt":"2016-07-29T16:16:34","guid":{"rendered":"http:\/\/prensa.mendoza.gov.ar\/?p=62175"},"modified":"2016-07-29T13:16:34","modified_gmt":"2016-07-29T16:16:34","slug":"la-provincia-refinancia-su-deuda-historica-con-anses","status":"publish","type":"post","link":"https:\/\/www.mendoza.gov.ar\/prensa\/la-provincia-refinancia-su-deuda-historica-con-anses\/","title":{"rendered":"La Provincia refinancia su deuda hist\u00f3rica con la ANSES"},"content":{"rendered":"<!DOCTYPE html PUBLIC \"-\/\/W3C\/\/DTD HTML 4.0 Transitional\/\/EN\" \"http:\/\/www.w3.org\/TR\/REC-html40\/loose.dtd\">\n<html><body><p>El Gobernador Alfredo Cornejo y el titular de la ANSES, Emilio Basalvibaso, mantuvieron un encuentro esta ma&ntilde;ana en el Sal&oacute;n Patricias de la Casa de Gobierno. All&iacute; firmaron dos&nbsp;acuerdos: uno que mejorar&aacute; las condiciones de pago y la tasa aplicable, para la provincia de Mendoza, refinanciando la deuda en 72 cuotas con un a&ntilde;o de gracia. El primer pago ser&aacute;&nbsp;el 15 de septiembre del 2017, y otro,&nbsp;que renueva la integraci&oacute;n compartida del Fondo Solidario en un porcentaje aproximado del &nbsp;70% a cargo de la Naci&oacute;n y 30% a cargo de la Provincia.<\/p>\n<p>Al respecto, el Gobernador explic&oacute;: &ldquo;Ustedes recordar&aacute;n los desmanes producidos durante el anterior gobierno en esta Casa de Gobierno por ex polic&iacute;as que no cobraban sus retroactivos. Estamos honrando la deuda que, en 8 a&ntilde;os, &nbsp;Mendoza no pag&oacute;. Lo vamos a hacer con un plan de facilidades de pagos, pero terminamos saneando una situaci&oacute;n que desde luego beneficiar&aacute; a los jubilados del sector p&uacute;blico que ya est&aacute;n cobrando&rdquo;.<\/p>\n<p>Luego el mandatario agreg&oacute;: &ldquo;Las autoridades que nos visitan, adem&aacute;s, van a realizar el seguimiento del Procrear en la provincia y de la aplicaci&oacute;n de la pol&iacute;tica de la ANSES para con nuestros jubilados, nuestro sistema previsional. Van a recorrer algunos de los emprendimientos que est&aacute;n en marcha y las delegaciones de este organismo en distintas localidades&rdquo;.<\/p>\n<p>Para finalizar, Cornejo afirm&oacute;: &ldquo;Mucho se dijo acerca de cu&aacute;nto iban a perder los jubilados con el cambio de gobierno. Se gener&oacute; mucho miedo en 2015 alrededor de eso. Sin embargo, hoy estamos asistiendo a mejor&iacute;as y a la ampliaci&oacute;n de la protecci&oacute;n de nuestros jubilados&rdquo;.<\/p>\n<p>El ministro de Hacienda, Mart&iacute;n Kerchner, afirm&oacute;: &ldquo;En esta renegociaci&oacute;n de la deuda &nbsp;con la ANSES obtuvimos tasas razonables y estiramos el plazo a seis a&ntilde;os con un a&ntilde;o de gracia, con lo que la Provincia va a pagar la primera cuota reci&eacute;n en el 2017. De esta manera hemos honrado la deuda y obtenido mejores condiciones&rdquo;.<\/p>\n<p><strong>Mejor vida para los jubilados<\/strong><\/p>\n<p>Emilio Basavilbaso&nbsp;celebr&oacute; estas firmas para&nbsp;una mejor calidad de vida de nuestros jubilados y agradeci&oacute; &nbsp;al Gobernador por el acompa&ntilde;amiento y el apoyo a las acciones que implementa la ANSES.<\/p>\n<p>&ldquo;Particularmente hoy, dado que desde ayer los jubilados pueden consultar si van a tener una mejora en su haber o si van a mantener las mejoras en funci&oacute;n de los juicios. Son juicios que, en promedio, ten&iacute;an m&aacute;s de siete&nbsp;a&ntilde;os y la ANSES, finalmente, pone un cierre a este cap&iacute;tulo negativo en el que los jubilados ten&iacute;an que litigar&nbsp;para cobrar lo que les correspond&iacute;a. Hay m&aacute;s de 100.000 jubilados mendocinos que van a ser beneficiados por esta medida&rdquo;.<\/p>\n<p>Y agreg&oacute;:&nbsp;&ldquo;Recientemente hemos cambiado la norma para que trabajadores temporales&nbsp;puedan formalizarse durante su temporada de trabajo y no perder el beneficio de la asignaci&oacute;n familiar. A partir de ahora cobrar&aacute;n las asignaciones familiares por el mismo monto, $966, por hijo. Esto es una forma de alentar el trabajo formal registrado&rdquo;.<\/p>\n<p>&ldquo;Vamos a visitar las obras del Procrear, dos obras muy grandes la de Ciudad y la de Maipu, con &nbsp;1.200 y 900 viviendas, las estamos impulsando firmemente para finalizarlas y adjudicaras pr&oacute;ximamente&rdquo;, concluy&oacute;&nbsp;el funcionario nacional.<\/p>\n<p>Particip&oacute; adem&aacute;s en&nbsp;el encuentro el secretario general&nbsp;de la ANSES, Alejo Maxit.<\/p>\n<p><strong>Fondo Solidario<\/strong><\/p>\n<p>El primer convenio tiene que ver con la renegociaci&oacute;n de la deuda hist&oacute;rica que mantiene la Provincia con la ANSES y que surge de las diferencias aportadas por la Naci&oacute;n al Fondo Solidario, creado en 2007, para otorgar una asignaci&oacute;n mensual, personal y complementaria a favor de los jubilados provinciales, anteriores a la transferencia de la caja a la Naci&oacute;n en diciembre de 1996.<\/p>\n<p>Fue creado, seg&uacute;n los considerandos de la Ley 7801, atendiendo a estrictas razones alimentarias y de equidad social, dados los niveles de los haberes provisionales percibidos por los jubilados y pensionados transferidos oportunamente.<\/p>\n<p>En el acuerdo originario que creaba la asignaci&oacute;n, la Provincia se compromet&iacute;a a integrar el fondo con una suma fija y la Naci&oacute;n a aportar el monto restante hasta completar la liquidaci&oacute;n. El acuerdo ha sido prorrogado durante los siguientes a&ntilde;os.<\/p>\n<p>Desde la implementaci&oacute;n de esta asignaci&oacute;n hasta 2014, la integraci&oacute;n del fondo solidario y los c&oacute;digos de liquidaci&oacute;n a cargo de la Provincia han generado mayores costos, que originan una deuda con la&nbsp;ANSES de $268.957.026 a la fecha.<\/p>\n<p>En setiembre de 2015, el entonces gobernador P&eacute;rez, durante la vigencia de la restricci&oacute;n de la Ley de Responsabilidad Fiscal, suscribi&oacute; un acuerdo de pago con la ANSES para cancelar la&nbsp;deuda en 24 cuotas mensuales iguales y consecutivas. El&nbsp;acuerdo no tuvo ratificaci&oacute;n legislativa ni intervenci&oacute;n de la Asesor&iacute;a de Gobierno y ni de la Fiscal&iacute;a de Estado.<\/p>\n<p>Un segundo convenio renueva la integraci&oacute;n compartida del fondo solidario en un porcentaje aproximado del 70% a cargo de la Naci&oacute;n y 30% a cargo de la Provincia. Esto se debe a que en 2014 no se logr&oacute; ning&uacute;n acuerdo y la ANSES asumi&oacute; el pago transfiriendo a la Provincia el cobro del 100% de lo pagado. Este monto forma&nbsp;parte de la &ldquo;deuda hist&oacute;rica&rdquo;. En&nbsp;2015, Francisco P&eacute;rez lleg&oacute; a un acuerdo en el cual la Provincia de Mendoza asumi&oacute; la totalidad del pago de la asignaci&oacute;n.<\/p>\n<p>Con este nuevo acuerdo se vuelve al esp&iacute;ritu inicial del convenio del Fondo Solidario de Financiaci&oacute;n Compartida, dejando abierta la posibilidad de prorrogar el acuerdo el pr&oacute;ximo a&ntilde;o en similares condiciones y respetando los porcentajes de aportes que se comprometen para el per&iacute;odo 2016.<\/p>\n<p><strong>Antecedentes del primer convenio<\/strong><\/p>\n<p>En 1996 se transfiere la caja de jubilaciones de la Provincia a la Naci&oacute;n.<\/p>\n<p>En 2007 se crea el fondo solidario&nbsp;luego de que los&nbsp;agentes transferidos reclamaran la&nbsp;aplicaci&oacute;n del 82% m&oacute;vil mediante juicios iniciados contra la Provincia y la Naci&oacute;n. El fondo ser&iacute;a integrado&nbsp;70% Naci&oacute;n y 30% Provincia.<\/p>\n<p>En 2014&nbsp;la Provincia no realiz&oacute; el dep&oacute;sito&nbsp;previo del adicional. Sin embargo, la ANSES&nbsp;realiz&oacute; el pago de la totalidad de la asignaci&oacute;n correspondiente a 2014.<\/p>\n<p>La Administraci&oacute;n Nacional habr&iacute;a reconocido el porcentaje de participaci&oacute;n (70% Naci&oacute;n y 30% Provincia)&nbsp;en una misiva en la que reclamaba el pago para 2014 y la suscripci&oacute;n del convenio, estimando que para ese a&ntilde;o la Provincia de Mendoza deb&iacute;a integrar un monto de $26.298.520.<\/p>\n<p>Reci&eacute;n el&nbsp;23 de diciembre de 2014&nbsp;se suscribe un convenio para reglamentar el pago del adicional del a&ntilde;o 2015. En este convenio&nbsp;se compromete la Provincia por primera vez desde que se cre&oacute; el fondo solidario a aportar 100% de los fondos.<\/p>\n<p>El Gobierno de Mendoza deposit&oacute; el 100% del fondo en los meses de enero y febrero de 2016&nbsp;(aproximadamente $16.000.000), y solicit&oacute; a la ANSES&nbsp;que integrara el mes de marzo, por $5.687.775.84.<\/p>\n<p>La Provincia propone suscribir un nuevo convenio de integraci&oacute;n del fondo solidario para 2016, aportando una suma fija de $25.000.000 (tomando a cuenta lo ya aportado) y que el resto sea financiado por la Naci&oacute;n, en los mismos t&eacute;rminos planteados en el convenio de creaci&oacute;n&nbsp;(70% Naci&oacute;n y 30% Provincia), suscripto en octubre de 2007.<\/p>\n<p><strong>Antecedentes del segundo convenio<\/strong><\/p>\n<p>El 21 de&nbsp;setiembre de 2015&nbsp;el entonces Gobernador,&nbsp;Francisco P&eacute;rez, suscribi&oacute; al&nbsp;&nbsp;Convenio N&ordm;33,&nbsp;luego de los desmanes producidos por los retirados de la Polic&iacute;a en el Cuarto Piso de la Casa de Gobierno.<\/p>\n<p>A trav&eacute;s del convenio, la ANSES&nbsp;pag&oacute; el retroactivo 2014 de&nbsp;forma escalonada y&nbsp;la Provincia de Mendoza reconoc&iacute;a adeudarle una suma superior a $368.000.000.<\/p>\n<p>La suma deb&iacute;a ser cancelada en 24 cuotas mensuales y consecutivas con una tasa de inter&eacute;s anual del 11,41%, muy superior a la tasa del 6% nominal anual, que el Gobierno nacional le aplica a la Provincia en el marco de los convenios de&nbsp;renegociaci&oacute;n de deuda.<\/p>\n<p>La&nbsp;Provincia garantiz&oacute; el cumplimiento con la Coparticipaci&oacute;n Federal de Impuestos.&nbsp;Sin embargo, Francisco P&eacute;rez carec&iacute;a de facultades legales para suscribir el&nbsp;acuerdo, ya que el art&iacute;culo 46&ordm; de la Ley de Responsabilidad Fiscal de la Provincia (Ley 7314) proh&iacute;be en el a&ntilde;o de elecciones dictar un acto administrativo que implique un gasto que se prolongue m&aacute;s de seis meses.<\/p>\n<p>La Anses retuvo&nbsp;de la Coparticipaci&oacute;n Provincial que corresponde a Mendoza, en noviembre y diciembre de 2015, la suma $14.935.450.54 cada mes, sin que a la fecha el acuerdo haya sido ratificado por ley ni homologado por decreto del Poder Ejecutivo.<\/p>\n<p>El&nbsp;19 de enero del 2016, el ministro de Hacienda y Finanzas, Mart&iacute;n Kerchner, viaj&oacute; a Buenos Aires,&nbsp;donde le plante&oacute; el problema al subdirector ejecutivo de administraci&oacute;n, Federico Braun.<\/p>\n<p>Al regreso del viaje, le envi&oacute; a Braun una&nbsp;propuesta acorde a la crisis econ&oacute;mica y financiera&nbsp;que atraviesa la provincia, plasmada con la sanci&oacute;n de la Ley 8833. Solicitaba la eliminaci&oacute;n del costo de oportunidad de rendimiento promedio, reducci&oacute;n de la tasa de inter&eacute;s y ampliaci&oacute;n del plazo de pago a 10 a&ntilde;os con dos a&ntilde;os de gracia.<\/p>\n<p>&nbsp;<\/p>\n<\/body><\/html>\n","protected":false},"excerpt":{"rendered":"A trav\u00e9s de dos convenios, se logr\u00f3 la renegociaci\u00f3n. Esto implica adem\u00e1s mejoras en las condiciones de pago y reducci\u00f3n de la tasa.\n\n","protected":false},"author":3,"featured_media":62192,"comment_status":"open","ping_status":"open","sticky":false,"template":"","format":"standard","meta":[],"categories":[19],"tags":[],"_links":{"self":[{"href":"https:\/\/www.mendoza.gov.ar\/prensa\/wp-json\/wp\/v2\/posts\/62175"}],"collection":[{"href":"https:\/\/www.mendoza.gov.ar\/prensa\/wp-json\/wp\/v2\/posts"}],"about":[{"href":"https:\/\/www.mendoza.gov.ar\/prensa\/wp-json\/wp\/v2\/types\/post"}],"author":[{"embeddable":true,"href":"https:\/\/www.mendoza.gov.ar\/prensa\/wp-json\/wp\/v2\/users\/3"}],"replies":[{"embeddable":true,"href":"https:\/\/www.mendoza.gov.ar\/prensa\/wp-json\/wp\/v2\/comments?post=62175"}],"version-history":[{"count":0,"href":"https:\/\/www.mendoza.gov.ar\/prensa\/wp-json\/wp\/v2\/posts\/62175\/revisions"}],"wp:featuredmedia":[{"embeddable":true,"href":"https:\/\/www.mendoza.gov.ar\/prensa\/wp-json\/wp\/v2\/media\/62192"}],"wp:attachment":[{"href":"https:\/\/www.mendoza.gov.ar\/prensa\/wp-json\/wp\/v2\/media?parent=62175"}],"wp:term":[{"taxonomy":"category","embeddable":true,"href":"https:\/\/www.mendoza.gov.ar\/prensa\/wp-json\/wp\/v2\/categories?post=62175"},{"taxonomy":"post_tag","embeddable":true,"href":"https:\/\/www.mendoza.gov.ar\/prensa\/wp-json\/wp\/v2\/tags?post=62175"}],"curies":[{"name":"wp","href":"https:\/\/api.w.org\/{rel}","templated":true}]}}