{"id":62256,"date":"2016-07-31T05:35:43","date_gmt":"2016-07-31T08:35:43","guid":{"rendered":"http:\/\/prensa.mendoza.gov.ar\/?p=62256"},"modified":"2016-07-31T05:35:43","modified_gmt":"2016-07-31T08:35:43","slug":"arranca-la-ampliacion-y-refuncionalizacion-integral-de-la-escuela-laprida","status":"publish","type":"post","link":"https:\/\/www.mendoza.gov.ar\/prensa\/arranca-la-ampliacion-y-refuncionalizacion-integral-de-la-escuela-laprida\/","title":{"rendered":"Arranca la ampliaci\u00f3n y refuncionalizaci\u00f3n integral de la escuela Laprida"},"content":{"rendered":"<!DOCTYPE html PUBLIC \"-\/\/W3C\/\/DTD HTML 4.0 Transitional\/\/EN\" \"http:\/\/www.w3.org\/TR\/REC-html40\/loose.dtd\">\n<html><body><div style=\"text-align: left\" align=\"center\">La Subsecretar&iacute;a de Infraestructura Social B&aacute;sica tiene previsto comenzar durante la primera quincena de agosto la ampliaci&oacute;n y refuncionalizaci&oacute;n integral de la Escuela 1-074 &ldquo;Francisco N. de Laprida&rdquo;, de Ciudad, obra que estar&aacute; lista para mediados de 2017.<\/div>\n<div><span lang=\"ES-AR\">&nbsp;<\/span><\/div>\n<div><span lang=\"ES-AR\">Ser&aacute;n construidas dos salas de nivel inicial para el Jard&iacute;n de Infantes 0-142 &ldquo;Agnes Gonxha&rdquo;, que ocupar&aacute; un importante espacio en el predio de la calle Paso de los Andes 78, en la Quinta Secci&oacute;n.<\/span><\/div>\n<div><span lang=\"ES-AR\">&nbsp;<\/span><\/div>\n<div><span lang=\"ES-AR\">La obra en la escuela Laprida viene siendo esperada desde 2014 por la comunidad educativa. Ha sufrido varias postergaciones en su inicio, por cuestiones presupuestarias.&nbsp;<\/span>Y como el edificio necesita refuerzos estructurales y por seguridad no pod&iacute;a ser ocupado, desde hace dos a&ntilde;os docentes y alumnos tuvieron que trasladarse a un establecimiento de la calle Patricias Mendocinas, en Ciudad.<\/div>\n<div><span lang=\"ES-AR\">&nbsp;<\/span><\/div>\n<div>Los trabajos comprenden la construcci&oacute;n de 380 metros cuadrados y la refuncionalizaci&oacute;n integral de otros 725 metros cuadrados. Estar&aacute;n a cargo de la empresa CAPSA Construcciones Civiles SRL, bajo la supervisi&oacute;n de la Subsecretar&iacute;a de Infraestructura Social B&aacute;sica. El presupuesto oficial de la obra es&nbsp;de&nbsp;$8.600.000.<\/div>\n<div><\/div>\n<div>El emplazamiento del edificio escolar es en zona netamente urbana. Est&aacute; conformado por un cuerpo de dos plantas. En planta baja se ubican los sanitarios, cuatro aulas y el gobierno, y en la planta alta hay siete aulas.<\/div>\n<div><\/div>\n<div>Como la estructura del edificio existente posee problemas estructurales conocidos como &ldquo;el mecanismo de columna corta&rdquo;, el inmueble ser&aacute; intervenido con refuerzos estructurales para evitar debilitamientos en puntos clave, por problemas de corte localizado. Estos refuerzos tienen el objetivo de disminuir los desplazamientos excesivos al producirse movimientos horizontales como sismos.<\/div>\n<div><\/div>\n<div align=\"left\"><b><span lang=\"ES-AR\">&nbsp;<\/span><\/b><\/div>\n<div align=\"left\"><b><span lang=\"ES-AR\">Detalle de las obras a realizar<\/span><\/b><\/div>\n<ul type=\"disc\">\n<li><b>&Aacute;rea pedag&oacute;gica: <\/b>Dos salas de Nivel Inicial, gobierno para Nivel Inicial y Primario, Taller de usos m&uacute;ltiples (TUM) y galer&iacute;as.<\/li>\n<li><b>&Aacute;rea de servicios: <\/b>sanitario para Nivel Inicial, sanitario para discapacitados, sala de cisterna.<\/li>\n<\/ul>\n<div>En tanto, tambi&eacute;n se realizar&aacute;n refuerzos estructurales en el edificio escolar existente, se remplazar&aacute;n carpinter&iacute;as, se modificar&aacute;n aperturas de aberturas de puertas, se revocar&aacute;n muros de locales, se erradicar&aacute;n m&oacute;dulos met&aacute;licos y se reparar&aacute; la cubierta met&aacute;lica del patio de ceremonia. Adem&aacute;s,&nbsp;se instalar&aacute;&nbsp;el nuevo sistema contra incendios en todo el edificio y se refaccionar&aacute;n las instalaciones el&eacute;ctrica, de gas y sanitaria.<\/div>\n<\/body><\/html>\n","protected":false},"excerpt":{"rendered":"Ser\u00e1 durante la primera quincena de agosto y est\u00e1 previsto que las obras tengan un plazo de ejecuci\u00f3n de 12 meses. La inversi\u00f3n oficial total es de $8.600.000. Con los trabajos se beneficiar\u00e1 a 400 alumnos.","protected":false},"author":3,"featured_media":62261,"comment_status":"open","ping_status":"open","sticky":false,"template":"","format":"standard","meta":[],"categories":[1],"tags":[],"_links":{"self":[{"href":"https:\/\/www.mendoza.gov.ar\/prensa\/wp-json\/wp\/v2\/posts\/62256"}],"collection":[{"href":"https:\/\/www.mendoza.gov.ar\/prensa\/wp-json\/wp\/v2\/posts"}],"about":[{"href":"https:\/\/www.mendoza.gov.ar\/prensa\/wp-json\/wp\/v2\/types\/post"}],"author":[{"embeddable":true,"href":"https:\/\/www.mendoza.gov.ar\/prensa\/wp-json\/wp\/v2\/users\/3"}],"replies":[{"embeddable":true,"href":"https:\/\/www.mendoza.gov.ar\/prensa\/wp-json\/wp\/v2\/comments?post=62256"}],"version-history":[{"count":0,"href":"https:\/\/www.mendoza.gov.ar\/prensa\/wp-json\/wp\/v2\/posts\/62256\/revisions"}],"wp:featuredmedia":[{"embeddable":true,"href":"https:\/\/www.mendoza.gov.ar\/prensa\/wp-json\/wp\/v2\/media\/62261"}],"wp:attachment":[{"href":"https:\/\/www.mendoza.gov.ar\/prensa\/wp-json\/wp\/v2\/media?parent=62256"}],"wp:term":[{"taxonomy":"category","embeddable":true,"href":"https:\/\/www.mendoza.gov.ar\/prensa\/wp-json\/wp\/v2\/categories?post=62256"},{"taxonomy":"post_tag","embeddable":true,"href":"https:\/\/www.mendoza.gov.ar\/prensa\/wp-json\/wp\/v2\/tags?post=62256"}],"curies":[{"name":"wp","href":"https:\/\/api.w.org\/{rel}","templated":true}]}}