{"id":62267,"date":"2016-07-29T19:02:56","date_gmt":"2016-07-29T22:02:56","guid":{"rendered":"http:\/\/prensa.mendoza.gov.ar\/?p=62267"},"modified":"2016-07-29T19:02:56","modified_gmt":"2016-07-29T22:02:56","slug":"el-subsecretario-de-industria-se-reunio-con-delegados-de-los-trabajadores-de-alco","status":"publish","type":"post","link":"https:\/\/www.mendoza.gov.ar\/prensa\/el-subsecretario-de-industria-se-reunio-con-delegados-de-los-trabajadores-de-alco\/","title":{"rendered":"El subsecretario de Industria se reuni\u00f3 con delegados de los trabajadores de Alco"},"content":{"rendered":"<!DOCTYPE html PUBLIC \"-\/\/W3C\/\/DTD HTML 4.0 Transitional\/\/EN\" \"http:\/\/www.w3.org\/TR\/REC-html40\/loose.dtd\">\n<html><body><div>Guillermo Cruz, subsecretario de Industria y Comercio de Mendoza, se reuni&oacute;&nbsp;con Marcelo Castillo, de la empresa Alco, y con Daniel Sauretti, de La Terre&nbsp;(ex Industrias Matas) para buscar destrabar el retraso en los haberes que los empleados denunciaban como impagos.<\/div>\n<div><\/div>\n<div dir=\"ltr\">Castillo, como representante de los trabajadores de la conservera Alco, plante&oacute; la existencia de irregularidades o atrasos en la&nbsp;cancelaci&oacute;n de los salarios. Tras un contacto con Camilo Carballo, presidente de la empresa, en la que Cruz y los propios trabajadores pudieron dialogar, se confirm&oacute; que el lunes se concretar&aacute; el pago de una parte del aguinaldo adeudado y los se fijaron plazos para abonar las pr&oacute;ximas quincenas.<\/div>\n<div dir=\"ltr\"><\/div>\n<div>Cabe recordar que, desde principios de este a&ntilde;o, la Provincia viene&nbsp;realizando gestiones ante la Naci&oacute;n para ayudar a la reetructuraci&oacute;n de&nbsp;la emblem&aacute;tica conservera local cuyas plantas est&aacute;n en Tunuy&aacute;n, Tupungato&nbsp;y San Rafael.<\/div>\n<div><\/div>\n<div>Por su parte, el presidente de la Cooperativa La Terre, Daniel Sauretti, dio a conocer un plan de trabajo para la comercializaci&oacute;n de un&nbsp;mill&oacute;n de kilos de espinaca. Para ello,&nbsp;solicit&oacute; a Cruz una ayuda para&nbsp;la&nbsp;obtenci&oacute;n de un cr&eacute;dito Fonapyme, que los ayude a lograrlo.<\/div>\n<div><\/div>\n<div>El Fondo Nacional de Desarrollo para la Micro, Peque&ntilde;a y Mediana Empresa&nbsp;(Fonapyme) es una l&iacute;nea de cr&eacute;dito otorgada por el Ministerio de&nbsp;Producci&oacute;n de la Naci&oacute;n para, entre otras cosas, financiar capital de&nbsp;trabajo mediante la adquisici&oacute;n de materias primas para la producci&oacute;n.<\/div>\n<\/body><\/html>\n","protected":false},"excerpt":{"rendered":"Tras la gesti\u00f3n para que la empresa fuese beneficiada con un cr\u00e9dito Fondear, el funcionario mantuvo un encuentro para monitorear la aplicaci\u00f3n de los fondos.","protected":false},"author":3,"featured_media":62270,"comment_status":"open","ping_status":"open","sticky":false,"template":"","format":"standard","meta":[],"categories":[1],"tags":[],"_links":{"self":[{"href":"https:\/\/www.mendoza.gov.ar\/prensa\/wp-json\/wp\/v2\/posts\/62267"}],"collection":[{"href":"https:\/\/www.mendoza.gov.ar\/prensa\/wp-json\/wp\/v2\/posts"}],"about":[{"href":"https:\/\/www.mendoza.gov.ar\/prensa\/wp-json\/wp\/v2\/types\/post"}],"author":[{"embeddable":true,"href":"https:\/\/www.mendoza.gov.ar\/prensa\/wp-json\/wp\/v2\/users\/3"}],"replies":[{"embeddable":true,"href":"https:\/\/www.mendoza.gov.ar\/prensa\/wp-json\/wp\/v2\/comments?post=62267"}],"version-history":[{"count":0,"href":"https:\/\/www.mendoza.gov.ar\/prensa\/wp-json\/wp\/v2\/posts\/62267\/revisions"}],"wp:featuredmedia":[{"embeddable":true,"href":"https:\/\/www.mendoza.gov.ar\/prensa\/wp-json\/wp\/v2\/media\/62270"}],"wp:attachment":[{"href":"https:\/\/www.mendoza.gov.ar\/prensa\/wp-json\/wp\/v2\/media?parent=62267"}],"wp:term":[{"taxonomy":"category","embeddable":true,"href":"https:\/\/www.mendoza.gov.ar\/prensa\/wp-json\/wp\/v2\/categories?post=62267"},{"taxonomy":"post_tag","embeddable":true,"href":"https:\/\/www.mendoza.gov.ar\/prensa\/wp-json\/wp\/v2\/tags?post=62267"}],"curies":[{"name":"wp","href":"https:\/\/api.w.org\/{rel}","templated":true}]}}