{"id":62326,"date":"2016-07-30T20:01:18","date_gmt":"2016-07-30T23:01:18","guid":{"rendered":"http:\/\/prensa.mendoza.gov.ar\/?p=62326"},"modified":"2016-07-30T20:01:18","modified_gmt":"2016-07-30T23:01:18","slug":"cornejo-homenajeo-al-profesor-angel-gimenez-en-rivadavia","status":"publish","type":"post","link":"https:\/\/www.mendoza.gov.ar\/prensa\/cornejo-homenajeo-al-profesor-angel-gimenez-en-rivadavia\/","title":{"rendered":"Cornejo homenaje\u00f3 al profesor \u00c1ngel Gim\u00e9nez en Rivadavia"},"content":{"rendered":"<!DOCTYPE html PUBLIC \"-\/\/W3C\/\/DTD HTML 4.0 Transitional\/\/EN\" \"http:\/\/www.w3.org\/TR\/REC-html40\/loose.dtd\">\n<html><body><p>El Gobernador Alfredo Cornejo y&nbsp;el secretario de Cultura de Mendoza, Diego Gareca, participaron este s&aacute;bado del homenaje que se le realiz&oacute; al reconocido docente y formador de bailarines folc&oacute;ricos &Aacute;ngel Gim&eacute;nez, en Rivadavia. Tambi&eacute;n estuvieron presentes el intendente anfitri&oacute;n, Miguel &Aacute;ngel Ronco; y los jefes comunales Jorge Gim&eacute;nez, de San Mart&iacute;n; y Mario Abed, de Jun&iacute;n.<\/p>\n<p>En un emotivo acto, se descubri&oacute; una placa de reconocimiento en la vereda del domicilio de Gim&eacute;nez, donde se acercaron tambi&eacute;n familiares y vecinos. &ldquo;Pueblo y Gobierno de Mendoza rinden homenaje al profesor &Aacute;ngel Gim&eacute;nez, por su aporte y compromiso con la Cultura provincial, a trav&eacute;s de la formaci&oacute;n de distintas generaciones de bailarines y maestros de la danza&rdquo; es el texto grabado y dedicado a Gim&eacute;nez en la puerta de su hogar.<\/p>\n<p>El maestro &Aacute;ngel Gim&eacute;nez se emocion&oacute; al dirigir unas palabras de agradecimiento y destac&oacute; un mensaje para las nuevas generaciones: &ldquo;Toda la vida trabaj&eacute; con vocaci&oacute;n, aprendiendo hasta hoy, porque incluso en estos actos aprende uno, porque nos damos cuenta de que hemos sembrado con honestidad. El agradecido soy yo, despu&eacute;s de tantos a&ntilde;os, me emociona que esto pase. Yo recorr&iacute; toda la provincia, gracias a la Direcci&oacute;n General de Escuelas, con cursos de apoyo al maestro, junto a inspectores de m&uacute;sica, dejando algo de todo el conocimiento que ten&iacute;amos del folclore tradicional para que nuestra identidad siguiera firme y no se perdiera, ese es el mejor mensaje que puede quedar para&nbsp;los j&oacute;venes&rdquo;.<\/p>\n<p>El programa Hacedores Culturales comenz&oacute; a implementarse en la provincia desde hace algunas semanas desde la Secretar&iacute;a de Cultura: &ldquo;Es imposible pensar una pol&iacute;tica cultural sin nuestros hacedores culturales en todos sus g&eacute;neros, es imposible no reconocernos en cada lugar y en cada pueblo. La cultura del show se termin&oacute; en Mendoza y nosotros venimos a plantear la cultura del encuentro, que tiene el reconocimiento a quienes han hecho la cultura de cada pueblo. As&iacute; que no es al azar que estamos en la puerta, en la casa de don &Aacute;ngel, porque otro de los objetivos que tenemos es que la cultura est&eacute; en la calle&rdquo;, destac&oacute; Diego Gareca.<\/p>\n<p>&ldquo;Nos hemos propuesto ir departamento por departamento rescatando cada uno de nuestros hacedores culturales. Creemos que este tipo de actividad es una gran contribuci&oacute;n, y que ayuda a las generaciones que vienen a reconocer, y que se vean reflejados en ellos para poder ir encontrando nuevos hacedores culturales en cada uno de nuestros pueblos. Queremos dejar se&ntilde;ales, en la puerta de su casa y tambi&eacute;n en la conciencia de cada uno de los vecinos de la provincia&rdquo;, se&ntilde;al&oacute; el Gobernador.<\/p>\n<p>Adem&aacute;s, Cornejo manifest&oacute;: &ldquo;Tenemos que terminar de privilegiar el show por encima de la cultura, entendemos que hay una actividad econ&oacute;mica alrededor del show. Pero tambi&eacute;n entendemos que lo que queda en la conciencia y en el pensamiento de las personas hace a un mejor entorno de libertades, de creatividad&rdquo;.<\/p>\n<p>El acto finaliz&oacute; con alumnos de todas las edades bailando m&uacute;sica cuyana e invitando a los presentes a sumarse a la pista de baile que se improvis&oacute; en la calle San Isidro de Rivadavia, donde vive &Aacute;ngel Gim&eacute;nez.<\/p>\n<\/body><\/html>\n","protected":false},"excerpt":{"rendered":"En el marco del plan que se realiza desde el Gobierno de poner en valor a hacedores culturales de Mendoza, el maestro de danzas folcl\u00f3ricas recibi\u00f3 un reconocimiento por su aporte y trayectoria.","protected":false},"author":3,"featured_media":62328,"comment_status":"open","ping_status":"open","sticky":false,"template":"","format":"standard","meta":[],"categories":[19],"tags":[],"_links":{"self":[{"href":"https:\/\/www.mendoza.gov.ar\/prensa\/wp-json\/wp\/v2\/posts\/62326"}],"collection":[{"href":"https:\/\/www.mendoza.gov.ar\/prensa\/wp-json\/wp\/v2\/posts"}],"about":[{"href":"https:\/\/www.mendoza.gov.ar\/prensa\/wp-json\/wp\/v2\/types\/post"}],"author":[{"embeddable":true,"href":"https:\/\/www.mendoza.gov.ar\/prensa\/wp-json\/wp\/v2\/users\/3"}],"replies":[{"embeddable":true,"href":"https:\/\/www.mendoza.gov.ar\/prensa\/wp-json\/wp\/v2\/comments?post=62326"}],"version-history":[{"count":0,"href":"https:\/\/www.mendoza.gov.ar\/prensa\/wp-json\/wp\/v2\/posts\/62326\/revisions"}],"wp:featuredmedia":[{"embeddable":true,"href":"https:\/\/www.mendoza.gov.ar\/prensa\/wp-json\/wp\/v2\/media\/62328"}],"wp:attachment":[{"href":"https:\/\/www.mendoza.gov.ar\/prensa\/wp-json\/wp\/v2\/media?parent=62326"}],"wp:term":[{"taxonomy":"category","embeddable":true,"href":"https:\/\/www.mendoza.gov.ar\/prensa\/wp-json\/wp\/v2\/categories?post=62326"},{"taxonomy":"post_tag","embeddable":true,"href":"https:\/\/www.mendoza.gov.ar\/prensa\/wp-json\/wp\/v2\/tags?post=62326"}],"curies":[{"name":"wp","href":"https:\/\/api.w.org\/{rel}","templated":true}]}}