{"id":62371,"date":"2016-08-01T15:05:42","date_gmt":"2016-08-01T18:05:42","guid":{"rendered":"http:\/\/prensa.mendoza.gov.ar\/?p=62371"},"modified":"2016-08-01T15:05:42","modified_gmt":"2016-08-01T18:05:42","slug":"mendoza-fabrico-y-entrego-generadores-de-vapor-para-la-central-nuclear-en-cordoba","status":"publish","type":"post","link":"https:\/\/www.mendoza.gov.ar\/prensa\/mendoza-fabrico-y-entrego-generadores-de-vapor-para-la-central-nuclear-en-cordoba\/","title":{"rendered":"Mendoza fabric\u00f3 y entreg\u00f3 generadores de vapor para la central nuclear de C\u00f3rdoba"},"content":{"rendered":"<!DOCTYPE html PUBLIC \"-\/\/W3C\/\/DTD HTML 4.0 Transitional\/\/EN\" \"http:\/\/www.w3.org\/TR\/REC-html40\/loose.dtd\">\n<html><body><p>El Gobernador Alfredo Cornejo particip&oacute; en&nbsp;la ceremonia de despacho de los generadores de vapor para la central nuclear Embalse, en C&oacute;rdoba, que se realiz&oacute; en la empresa IMPSA.<\/p>\n<p>Junto al mandatario tambi&eacute;n asistieron a la ceremonia el ministro de Energ&iacute;a y Miner&iacute;a de la Naci&oacute;n, Juan Jos&eacute; Aranguren; el senador nacional Julio Cobos, la senadora nacional Pamela Berasay, el presidente del directorio de Nucleoel&eacute;ctrica Argentina, Omar Semmoloni; el presidente de la C&aacute;mara de Diputados, N&eacute;stor Par&eacute;s; el subsecretario de Energ&iacute;a Nuclear, Juli&aacute;n Gadano, miembros del directorio y personal de IMPSA.<\/p>\n<p>El acto se realiz&oacute; en la Sala Nuclear donde fueron fabricados los generadores. All&iacute; Cornejo remarc&oacute; el orgullo de que &ldquo;los mendocinos estemos en el centro de la creaci&oacute;n de valor y &nbsp;que tengamos mercado donde venderlo&rdquo;. Afirm&oacute; que este resultado se debe al esfuerzo de la empresa, su gente y &ldquo;con el apoyo del Gobierno est&aacute; saliendo adelante&rdquo;.<\/p>\n<p>Finalmente, el mandatario mencion&oacute;: &ldquo;Una vez m&aacute;s los mendocinos debemos sentir orgullo de que desde nuestra provincia se logren estas cosas&rdquo; y comprometi&oacute; el apoyo de los gobiernos provincial y nacional para el crecimiento y desarrollo de la empresa y sus empleados.<\/p>\n<p>En tanto, Aranguren afirm&oacute; que es &ldquo;un orgullo poder ver que el trabajo nacional tenga reconocimiento mundial&rdquo;. Pidi&oacute; continuar con esta visi&oacute;n para que pueda haber trabajo argentino. Y record&oacute; que &ldquo;en la &uacute;ltima d&eacute;cada se ha perdido trabajo en la Argentina y teniendo recursos hemos tenido que exportar la energ&iacute;a&rdquo;. Luego agreg&oacute;: &ldquo;Hoy estamos permitiendo que nuestro pa&iacute;s se desarrolle y demos energ&iacute;a argentina a los argentinos&rdquo;.<\/p>\n<p>Por su parte, el titular de IMPSA, Enrique Pescarmona, explic&oacute;: &ldquo;Tenemos un equipo humano incre&iacute;ble en nuestra empresa, de 110 a&ntilde;os de vida&rdquo;, y destac&oacute; que gracias al esfuerzo de todos, la empresa es generadora de tecnolog&iacute;as para centrales hidroel&eacute;ctricas y planta e&oacute;licas, para centrales nucleares y estabilizaci&oacute;n de redes el&eacute;ctricas.<\/p>\n<p>&ldquo;Somos competitivos y Argentina tiene un enorme potencial para fabricar generadores en el mercado mundial. Estos generadores son el esfuerzo de nuestra gente. Tenemos esperanza de que este Gobierno cambie a la Argentina para siempre&rdquo;, finaliz&oacute; Pescarmona.<\/p>\n<\/body><\/html>\n","protected":false},"excerpt":{"rendered":"El Gobernador Alfredo Cornejo particip\u00f3 en la ceremonia, que se realiz\u00f3 en IMPSA. Tambi\u00e9n estuvo presente el ministro de Energ\u00eda y Miner\u00eda de la Naci\u00f3n junto a autoridades nacionales y provinciales.","protected":false},"author":3,"featured_media":62382,"comment_status":"open","ping_status":"open","sticky":false,"template":"","format":"standard","meta":[],"categories":[19],"tags":[],"_links":{"self":[{"href":"https:\/\/www.mendoza.gov.ar\/prensa\/wp-json\/wp\/v2\/posts\/62371"}],"collection":[{"href":"https:\/\/www.mendoza.gov.ar\/prensa\/wp-json\/wp\/v2\/posts"}],"about":[{"href":"https:\/\/www.mendoza.gov.ar\/prensa\/wp-json\/wp\/v2\/types\/post"}],"author":[{"embeddable":true,"href":"https:\/\/www.mendoza.gov.ar\/prensa\/wp-json\/wp\/v2\/users\/3"}],"replies":[{"embeddable":true,"href":"https:\/\/www.mendoza.gov.ar\/prensa\/wp-json\/wp\/v2\/comments?post=62371"}],"version-history":[{"count":0,"href":"https:\/\/www.mendoza.gov.ar\/prensa\/wp-json\/wp\/v2\/posts\/62371\/revisions"}],"wp:featuredmedia":[{"embeddable":true,"href":"https:\/\/www.mendoza.gov.ar\/prensa\/wp-json\/wp\/v2\/media\/62382"}],"wp:attachment":[{"href":"https:\/\/www.mendoza.gov.ar\/prensa\/wp-json\/wp\/v2\/media?parent=62371"}],"wp:term":[{"taxonomy":"category","embeddable":true,"href":"https:\/\/www.mendoza.gov.ar\/prensa\/wp-json\/wp\/v2\/categories?post=62371"},{"taxonomy":"post_tag","embeddable":true,"href":"https:\/\/www.mendoza.gov.ar\/prensa\/wp-json\/wp\/v2\/tags?post=62371"}],"curies":[{"name":"wp","href":"https:\/\/api.w.org\/{rel}","templated":true}]}}