{"id":62384,"date":"2016-08-01T15:23:18","date_gmt":"2016-08-01T18:23:18","guid":{"rendered":"http:\/\/prensa.mendoza.gov.ar\/?p=62384"},"modified":"2019-03-11T10:15:52","modified_gmt":"2019-03-11T13:15:52","slug":"unicipio-municipios-y-representantes-del-bid-se-reunieron-para-identificar-los-principales-problemas-de-la-ciudad","status":"publish","type":"post","link":"https:\/\/www.mendoza.gov.ar\/prensa\/unicipio-municipios-y-representantes-del-bid-se-reunieron-para-identificar-los-principales-problemas-de-la-ciudad\/","title":{"rendered":"Unicipio: municipios y representantes del BID analizan los principales problemas de la ciudad"},"content":{"rendered":"<!DOCTYPE html PUBLIC \"-\/\/W3C\/\/DTD HTML 4.0 Transitional\/\/EN\" \"http:\/\/www.w3.org\/TR\/REC-html40\/loose.dtd\">\n<html><body><p>Los municipios del &Aacute;rea Metropolitana de Mendoza se reunieron en el marco de Unicipio con los equipos t&eacute;cnicos y consultores del BID y de la Naci&oacute;n para identificar los principales problemas de la provincia, y llevar adelante la primera misi&oacute;n del Programa Ciudades Sostenibles y Emergentes del banco.<\/p>\n<p>Se trabaja de manera conjunta para obtener un diagn&oacute;stico sobre las problem&aacute;ticas de la ciudad a trav&eacute;s de la realizaci&oacute;n de estudios de base e indicadores.<\/p>\n<p>El encuentro&nbsp;tiene lugar en la Nave Cultural (sal&oacute;n principal) los d&iacute;as 1 y 2 de agosto. La apertura se llev&oacute; a cabo este lunes a las 9, y se presentaron en el programa el secretario de Ambiente y Ordenamiento Territorial de la Provincia, Humberto Mingorance; el coordinador por el ICES Cono Sur, Mart&iacute;n Soulier; la directora nacional de PreInversi&oacute;n Municipal del Ministerio del Interior, Elisa Dest&eacute;fano,&nbsp;intendentes de Unicipio y funcionarios provinciales.<\/p>\n<p>Terminada la presentaci&oacute;n, se conformanlas mesas de trabajo de t&eacute;cnicos (municipales y provinciales), especialistas del BID y de la Direcci&oacute;n Nacional de Preinversi&oacute;n Municipal (Dinaprem). Hoy se trabajaron temas sociales y de desarrollo urbano y ma&ntilde;ana martes ser&aacute; el turno de los temas ambientales y fiscales y la buena gobernanza.<\/p>\n<\/body><\/html>\n","protected":false},"excerpt":{"rendered":"Los equipos t\u00e9cnicos analizaron la movilidad sostenible; la ocupaci\u00f3n urbana sin control sobre \u00e1reas productivas o de fragilidad ambiental, la preocupaci\u00f3n por el patrimonio y los espacios. ","protected":false},"author":3,"featured_media":62385,"comment_status":"open","ping_status":"open","sticky":false,"template":"","format":"standard","meta":[],"categories":[3,1792],"tags":[],"_links":{"self":[{"href":"https:\/\/www.mendoza.gov.ar\/prensa\/wp-json\/wp\/v2\/posts\/62384"}],"collection":[{"href":"https:\/\/www.mendoza.gov.ar\/prensa\/wp-json\/wp\/v2\/posts"}],"about":[{"href":"https:\/\/www.mendoza.gov.ar\/prensa\/wp-json\/wp\/v2\/types\/post"}],"author":[{"embeddable":true,"href":"https:\/\/www.mendoza.gov.ar\/prensa\/wp-json\/wp\/v2\/users\/3"}],"replies":[{"embeddable":true,"href":"https:\/\/www.mendoza.gov.ar\/prensa\/wp-json\/wp\/v2\/comments?post=62384"}],"version-history":[{"count":1,"href":"https:\/\/www.mendoza.gov.ar\/prensa\/wp-json\/wp\/v2\/posts\/62384\/revisions"}],"predecessor-version":[{"id":175755,"href":"https:\/\/www.mendoza.gov.ar\/prensa\/wp-json\/wp\/v2\/posts\/62384\/revisions\/175755"}],"wp:featuredmedia":[{"embeddable":true,"href":"https:\/\/www.mendoza.gov.ar\/prensa\/wp-json\/wp\/v2\/media\/62385"}],"wp:attachment":[{"href":"https:\/\/www.mendoza.gov.ar\/prensa\/wp-json\/wp\/v2\/media?parent=62384"}],"wp:term":[{"taxonomy":"category","embeddable":true,"href":"https:\/\/www.mendoza.gov.ar\/prensa\/wp-json\/wp\/v2\/categories?post=62384"},{"taxonomy":"post_tag","embeddable":true,"href":"https:\/\/www.mendoza.gov.ar\/prensa\/wp-json\/wp\/v2\/tags?post=62384"}],"curies":[{"name":"wp","href":"https:\/\/api.w.org\/{rel}","templated":true}]}}