{"id":62481,"date":"2016-08-02T17:46:19","date_gmt":"2016-08-02T20:46:19","guid":{"rendered":"http:\/\/prensa.mendoza.gov.ar\/?p=62481"},"modified":"2016-08-02T17:46:19","modified_gmt":"2016-08-02T20:46:19","slug":"la-provincia-adhirio-al-plan-nacional-creer-y-crear","status":"publish","type":"post","link":"https:\/\/www.mendoza.gov.ar\/prensa\/la-provincia-adhirio-al-plan-nacional-creer-y-crear\/","title":{"rendered":"La Provincia adhiri\u00f3 al plan nacional &quot;Creer y Crear\u201d"},"content":{"rendered":"<!DOCTYPE html PUBLIC \"-\/\/W3C\/\/DTD HTML 4.0 Transitional\/\/EN\" \"http:\/\/www.w3.org\/TR\/REC-html40\/loose.dtd\">\n<html><body><p><span lang=\"ES\">El Gobernador Alfredo Cornejo<\/span><span lang=\"ES\">&nbsp;<\/span>suscribi&oacute;&nbsp;en la Casa Rosada la adhesi&oacute;n de la Provincia&nbsp;<span lang=\"ES\">al<\/span><span lang=\"ES\">&nbsp;<\/span>Plan Nacional de Econom&iacute;a Social &ldquo;Creer y Crear&rdquo;, mediante un convenio firmado con la ministra de Desarrollo Social de la Naci&oacute;n, Carolina Stanley. El acuerdo impulsa el desarrollo local y regional a trav&eacute;s del fortalecimiento de la econom&iacute;a social. De esta manera, Naci&oacute;n y Provincia aunar&aacute;n esfuerzos para&nbsp;promover el desarrollo de proyectos socioproductivos como estrategia primordial de inclusi&oacute;n social y productiva de personas en situaci&oacute;n de vulnerabilidad social.<\/p>\n<p>Por otro lado, Cornejo y la&nbsp;ministra de Desarrollo Social de la Naci&oacute;n, rubricaron otro acuerdo para impulsar espacios de desarrollo y contenci&oacute;n a los ni&ntilde;os que atravisen el periodo de la primera infancia en los primeros cuatro a&ntilde;os de vida. Al respecto, Carolina Stanley coment&oacute; que: &ldquo;Hoy firmamos el convenio de primera infancia para trabajar en conjunto en espacios para los ni&ntilde;os de 0 a 4 a&ntilde;os y otro convenio de econom&iacute;a social para trabajar conjuntamente en el apoyo de emprendimientos sociales y las actividades regionales que realiza la provincia de Mendoza&rdquo;.<\/p>\n<p>Por su parte, Cornejo explic&oacute; que &ldquo;son dos programas que incluyen 13 millones de pesos que la Naci&oacute;n destina a nuestra provincia y esto viene muy bien tanto para trabajar en el tema primera infancia como en los micro cr&eacute;ditos. Este dinero se va canalizar a trav&eacute;s del Ministerio de Salud y Desarrollo Social del Gobierno de Mendoza, esperamos a ejecutarlo con la mayor eficiencia y eficacia que las politicas sociales requieran&rdquo;.<\/p>\n<p>El Plan Federal, que ya cuenta con la adhesi&oacute;n de Buenos Aires, La Rioja, Tucum&aacute;n, Misiones, Catamarca y Santiago del Estero, brindar&aacute; acompa&ntilde;amiento a los emprendedores en el desarrollo de sus proyectos con herramientas, insumos y capacitaciones. A la&nbsp;vez, permitir&aacute; implementar pol&iacute;ticas de fortalecimiento institucional, productivo y de servicios,&nbsp;con el objeto de consolidar los emprendimientos de la econom&iacute;a social. Esto, articulando su accionar con los distintos actores sociales del pa&iacute;s, promoviendo iniciativas de capacitaci&oacute;n y formaci&oacute;n profesional y en oficios con el objeto de desarrollar competencias t&eacute;cnicas y transversales que contribuyan al desarrollo humano.<\/p>\n<div class=\"yj6qo ajU\">\n<div id=\":py\" class=\"ajR\"><img class=\"ajT img-responsive center-block\" src=\"https:\/\/ssl.gstatic.com\/ui\/v1\/icons\/mail\/images\/cleardot.gif\" alt=\"\"><\/div>\n<\/div>\n<\/body><\/html>\n","protected":false},"excerpt":{"rendered":"El Gobernador firm\u00f3 dos convenios con Carolina Stanley, titular de la cartera nacional de Desarrollo Social. Se destinar\u00e1n 13 millones de pesos para la ejecuci\u00f3n de los mismos. ","protected":false},"author":3,"featured_media":62588,"comment_status":"open","ping_status":"open","sticky":false,"template":"","format":"standard","meta":[],"categories":[19],"tags":[],"_links":{"self":[{"href":"https:\/\/www.mendoza.gov.ar\/prensa\/wp-json\/wp\/v2\/posts\/62481"}],"collection":[{"href":"https:\/\/www.mendoza.gov.ar\/prensa\/wp-json\/wp\/v2\/posts"}],"about":[{"href":"https:\/\/www.mendoza.gov.ar\/prensa\/wp-json\/wp\/v2\/types\/post"}],"author":[{"embeddable":true,"href":"https:\/\/www.mendoza.gov.ar\/prensa\/wp-json\/wp\/v2\/users\/3"}],"replies":[{"embeddable":true,"href":"https:\/\/www.mendoza.gov.ar\/prensa\/wp-json\/wp\/v2\/comments?post=62481"}],"version-history":[{"count":0,"href":"https:\/\/www.mendoza.gov.ar\/prensa\/wp-json\/wp\/v2\/posts\/62481\/revisions"}],"wp:featuredmedia":[{"embeddable":true,"href":"https:\/\/www.mendoza.gov.ar\/prensa\/wp-json\/wp\/v2\/media\/62588"}],"wp:attachment":[{"href":"https:\/\/www.mendoza.gov.ar\/prensa\/wp-json\/wp\/v2\/media?parent=62481"}],"wp:term":[{"taxonomy":"category","embeddable":true,"href":"https:\/\/www.mendoza.gov.ar\/prensa\/wp-json\/wp\/v2\/categories?post=62481"},{"taxonomy":"post_tag","embeddable":true,"href":"https:\/\/www.mendoza.gov.ar\/prensa\/wp-json\/wp\/v2\/tags?post=62481"}],"curies":[{"name":"wp","href":"https:\/\/api.w.org\/{rel}","templated":true}]}}