{"id":62532,"date":"2016-08-02T17:13:50","date_gmt":"2016-08-02T20:13:50","guid":{"rendered":"http:\/\/prensa.mendoza.gov.ar\/?p=62532"},"modified":"2016-08-02T17:13:50","modified_gmt":"2016-08-02T20:13:50","slug":"mendoza-sera-sede-del-consejo-federal-agropecuario","status":"publish","type":"post","link":"https:\/\/www.mendoza.gov.ar\/prensa\/mendoza-sera-sede-del-consejo-federal-agropecuario\/","title":{"rendered":"Mendoza ser\u00e1 sede del Consejo Federal Agropecuario"},"content":{"rendered":"<!DOCTYPE html PUBLIC \"-\/\/W3C\/\/DTD HTML 4.0 Transitional\/\/EN\" \"http:\/\/www.w3.org\/TR\/REC-html40\/loose.dtd\">\n<html><body><p>Mendoza recibir&aacute; por primera vez a los ministros de Agricultura y Ganader&iacute;a de todas las provincias argentinas para poner en com&uacute;n las propuestas e ideas referentes a las producciones y econom&iacute;as regionales.<\/p>\n<p>Entre los temas que se abordar&aacute;n, se encuentran: fondo de seguro agr&iacute;cola, identificaci&oacute;n de cuestiones productivas y comercializaci&oacute;n de mosto, oliva, piment&oacute;n, frutos secos y fruticultura, competitividad, infraestructura, energ&iacute;a, log&iacute;stica, agua, riego y constituci&oacute;n de comisiones.<\/p>\n<p>El Consejo Federal Agropecuario&nbsp;fue creado por la Ley N&ordm; 23.843 en 1990 y realiza dos reuniones ordinarias como m&iacute;nimo al a&ntilde;o y constituye una instancia de asesoramiento y consulta en todas aquellas cuestiones atinentes al sector agropecuario y pesquero, que por su impacto en las econom&iacute;as regionales o provinciales as&iacute; lo requieran.<\/p>\n<p>Est&aacute; integrado por los titulares de los ministerios o secretar&iacute;as de Estado competentes en materia agropecuaria y pesquera de las provincias. Se&nbsp;busca darle nuevo impulso y car&aacute;cter a estas &aacute;reas, teniendo en cuenta que hay temas que cruzan el pa&iacute;s de&nbsp;forma transversal y que ameritan un debate amplio, participativo e inclusivo.<\/p>\n<\/body><\/html>\n","protected":false},"excerpt":{"rendered":"Este mi\u00e9rcoles, a las 12.30, en la Bodega Los Toneles se reunir\u00e1n todos los ministros de Agricultura y Ganader\u00eda del pa\u00eds. Gestionan la llegada de $30 millones para productores en emergencias.\n","protected":false},"author":3,"featured_media":0,"comment_status":"open","ping_status":"open","sticky":false,"template":"","format":"standard","meta":[],"categories":[1],"tags":[],"_links":{"self":[{"href":"https:\/\/www.mendoza.gov.ar\/prensa\/wp-json\/wp\/v2\/posts\/62532"}],"collection":[{"href":"https:\/\/www.mendoza.gov.ar\/prensa\/wp-json\/wp\/v2\/posts"}],"about":[{"href":"https:\/\/www.mendoza.gov.ar\/prensa\/wp-json\/wp\/v2\/types\/post"}],"author":[{"embeddable":true,"href":"https:\/\/www.mendoza.gov.ar\/prensa\/wp-json\/wp\/v2\/users\/3"}],"replies":[{"embeddable":true,"href":"https:\/\/www.mendoza.gov.ar\/prensa\/wp-json\/wp\/v2\/comments?post=62532"}],"version-history":[{"count":0,"href":"https:\/\/www.mendoza.gov.ar\/prensa\/wp-json\/wp\/v2\/posts\/62532\/revisions"}],"wp:attachment":[{"href":"https:\/\/www.mendoza.gov.ar\/prensa\/wp-json\/wp\/v2\/media?parent=62532"}],"wp:term":[{"taxonomy":"category","embeddable":true,"href":"https:\/\/www.mendoza.gov.ar\/prensa\/wp-json\/wp\/v2\/categories?post=62532"},{"taxonomy":"post_tag","embeddable":true,"href":"https:\/\/www.mendoza.gov.ar\/prensa\/wp-json\/wp\/v2\/tags?post=62532"}],"curies":[{"name":"wp","href":"https:\/\/api.w.org\/{rel}","templated":true}]}}