{"id":62560,"date":"2016-08-02T18:51:41","date_gmt":"2016-08-02T21:51:41","guid":{"rendered":"http:\/\/prensa.mendoza.gov.ar\/?p=62560"},"modified":"2016-08-02T18:51:41","modified_gmt":"2016-08-02T21:51:41","slug":"economia-invita-a-ronda-de-negocios-supermercadista","status":"publish","type":"post","link":"https:\/\/www.mendoza.gov.ar\/prensa\/economia-invita-a-ronda-de-negocios-supermercadista\/","title":{"rendered":"Econom\u00eda invita a ronda de negocios supermercadista"},"content":{"rendered":"<!DOCTYPE html PUBLIC \"-\/\/W3C\/\/DTD HTML 4.0 Transitional\/\/EN\" \"http:\/\/www.w3.org\/TR\/REC-html40\/loose.dtd\">\n<html><body><div>El Ministerio de Econom&iacute;a, Infraestructura y Energ&iacute;a, a trav&eacute;s del&nbsp;Instituto de Desarrollo Comercial (IDC), en conjunto con la Confederaci&oacute;n&nbsp;Argentina de la Mediana Empresa (CAME) y la Federaci&oacute;n Econ&oacute;mica de&nbsp;Mendoza (FEM), coordinan una nueva instancia de negocios, prevista para el&nbsp;pr&oacute;ximo viernes 12 de agosto en el Centro de Congresos y&nbsp;Exposiciones, Peltier 611, Ciudad.<\/div>\n<div><\/div>\n<div>La actividad tiene previsto el arribo de 30 potenciales compradores,&nbsp;oriundos de distintas provincias del pa&iacute;s, quienes llegan en busca de&nbsp;productos como vinos y espumantes, frutas y hortalizas, frutas y&nbsp;hortalizas desecadas, conservas, frutos secos, aceite de oliva, aceitunas&nbsp;y derivados, aceto bals&aacute;mico y otros aderezos, miel y derivados, especias&nbsp;y arom&aacute;ticas, productos de pasteler&iacute;a y panader&iacute;a, carnes, fiambres y&nbsp;quesos: en conserva y ahumados, blanco, <em>amenities<\/em>, <em>gourmet<\/em> y <em>delicatessen<\/em>,&nbsp;bazar, dise&ntilde;o y artesan&iacute;as.<\/div>\n<div><\/div>\n<div>Guillermo Cruz, subsecretario de Industria y Comercio, se&ntilde;al&oacute;: &ldquo;Este tipo&nbsp;de acciones son sumamente necesarias para el sector productivo de la provincia, ya que as&iacute; lograremos reducir la cadena de valor al&nbsp;dejar de lado a todos aquellos intermediarios que la encarecen, siendo el&nbsp;consumidor final el m&aacute;s perjudicado al comprar un producto cuyo precio&nbsp;sufri&oacute; incrementos tan importantes que muy lejos est&aacute; del precio&nbsp;original&rdquo;.<\/div>\n<div><\/div>\n<div>Por su parte, Daniel Dimartino, gerente general del IDC, sostuvo que para&nbsp;el sector empresario mendocino es una instancia de negocios muy&nbsp;importante, ya que&nbsp;se&nbsp;tiene la posibilidad de estar con varios due&ntilde;os o&nbsp;gerentes de compras de supermercados en un solo d&iacute;a. Esto reduce&nbsp;considerablemente los costos que deber&iacute;an afrontar a la hora de emprender&nbsp;una misi&oacute;n comercial por medios propios, con todos los gastos que ello&nbsp;implica&rdquo;, sostuvo.<\/div>\n<div><\/div>\n<div><strong>Sobre la ronda<\/strong><br>\nEsta nueva instancia de negocios tiene por objetivo reunir a unos 60&nbsp;proveedores mendocinos con 30 potenciales compradores oriundos de&nbsp;distintas partes del pa&iacute;s, quienes llegan de la mano de CAS y&nbsp;FASA,&nbsp;organismos que nuclean a la mayor cantidad de supermercados del pa&iacute;s,&nbsp;miembros de la CAME.<\/div>\n<div><\/div>\n<div>En el marco de la actividad, cada uno de los potenciales compradores tendr&aacute;&nbsp;la oportunidad de observar de cerca todo lo que la provincia tiene para&nbsp;ofrecer en una jornada intensiva de trabajo que se extender&aacute; de 8.30 a 18.<\/div>\n<div><\/div>\n<div><strong>Inscripciones<\/strong><br>\nLos interesados en participar en&nbsp;la ronda de negocios deber&aacute;n inscribirse y previamente comunicarse a los tel&eacute;fonos 4230093\/4204261 o enviar un correo electr&oacute;nico&nbsp;a&nbsp;<a href=\"mailto:info@idc.org.ar\" target=\"_blank\">info@idc.org.ar<\/a>.<\/div>\n<\/body><\/html>\n","protected":false},"excerpt":{"rendered":"Se realizar\u00e1 el pr\u00f3ximo 12 de agosto en el Centro de Congresos y Exposiciones. Est\u00e1 prevista la asistencia de 30 potenciales compradores oriundos de distintas partes del pa\u00eds.","protected":false},"author":3,"featured_media":62561,"comment_status":"open","ping_status":"open","sticky":false,"template":"","format":"standard","meta":[],"categories":[1],"tags":[],"_links":{"self":[{"href":"https:\/\/www.mendoza.gov.ar\/prensa\/wp-json\/wp\/v2\/posts\/62560"}],"collection":[{"href":"https:\/\/www.mendoza.gov.ar\/prensa\/wp-json\/wp\/v2\/posts"}],"about":[{"href":"https:\/\/www.mendoza.gov.ar\/prensa\/wp-json\/wp\/v2\/types\/post"}],"author":[{"embeddable":true,"href":"https:\/\/www.mendoza.gov.ar\/prensa\/wp-json\/wp\/v2\/users\/3"}],"replies":[{"embeddable":true,"href":"https:\/\/www.mendoza.gov.ar\/prensa\/wp-json\/wp\/v2\/comments?post=62560"}],"version-history":[{"count":0,"href":"https:\/\/www.mendoza.gov.ar\/prensa\/wp-json\/wp\/v2\/posts\/62560\/revisions"}],"wp:featuredmedia":[{"embeddable":true,"href":"https:\/\/www.mendoza.gov.ar\/prensa\/wp-json\/wp\/v2\/media\/62561"}],"wp:attachment":[{"href":"https:\/\/www.mendoza.gov.ar\/prensa\/wp-json\/wp\/v2\/media?parent=62560"}],"wp:term":[{"taxonomy":"category","embeddable":true,"href":"https:\/\/www.mendoza.gov.ar\/prensa\/wp-json\/wp\/v2\/categories?post=62560"},{"taxonomy":"post_tag","embeddable":true,"href":"https:\/\/www.mendoza.gov.ar\/prensa\/wp-json\/wp\/v2\/tags?post=62560"}],"curies":[{"name":"wp","href":"https:\/\/api.w.org\/{rel}","templated":true}]}}