{"id":62589,"date":"2016-08-02T20:11:29","date_gmt":"2016-08-02T23:11:29","guid":{"rendered":"http:\/\/prensa.mendoza.gov.ar\/?p=62589"},"modified":"2016-08-02T20:11:29","modified_gmt":"2016-08-02T23:11:29","slug":"mendoza-firmo-el-acuerdo-para-el-fortalecimiento-del-federalismo","status":"publish","type":"post","link":"https:\/\/www.mendoza.gov.ar\/prensa\/mendoza-firmo-el-acuerdo-para-el-fortalecimiento-del-federalismo\/","title":{"rendered":"Mendoza firm\u00f3 el Acuerdo para el Fortalecimiento del Federalismo"},"content":{"rendered":"<!DOCTYPE html PUBLIC \"-\/\/W3C\/\/DTD HTML 4.0 Transitional\/\/EN\" \"http:\/\/www.w3.org\/TR\/REC-html40\/loose.dtd\">\n<html><body><p>Durante la reuni&oacute;n de gobernadores, que se realiz&oacute; en Casa Rosada, se firm&oacute; el Acuerdo para el Fortalecimiento del Federalismo. All&iacute; el Gobernador Alfredo Cornejo propuso la implementaci&oacute;n de sistemas de incentivos basados en la gesti&oacute;n por objetivos y resultados para los empleados del sector p&uacute;blico. La estructura ya se implementa en Mendoza desde el inicio de gesti&oacute;n y ser&aacute; adoptada por todas las provincias argentinas.<\/p>\n<p>&ldquo;Hemos firmado una carta de intenci&oacute;n donde todas las provincias nos comprometemos a organizar mejor nuestros recursos, a poner premios y castigos en el funcionamiento de nuestro sector p&uacute;blico, a buscar el equilibrio fiscal para el a&ntilde;o 2019 junto con la Naci&oacute;n, es decir, que no estemos pasando momentos de zozobra, sino que podamos administrarnos con nuestros propios recursos con plena autonom&iacute;a como corresponde al federalismo. Las provincias que hagan bien las cosas puedan recibir mas recursos para incentivar a sus empleados, incentivar sus servicios y las provincias que no hagan bien las cosas van a ir teniendo un detraimiento de recursos por no haberlos administrado bien, es decir, estamos obligando en un futuro a una mejor administraci&oacute;n&rdquo;, anunci&oacute; Cornejo en Casa Rosada.<\/p>\n<p>La propuesta mendocina busca en el mediano plazo optimizar el desempe&ntilde;o y maximizar capacidades potenciales. En tanto que en el mediano plazo, a trav&eacute;s de la evaluaci&oacute;n de la estructura de recursos humanos, se intentar&aacute; optimizar la relaci&oacute;n entre el tama&ntilde;o, la idoneidad y la calidad de la planta de empleados p&uacute;blicos con los servicios efectivamente prestados por el Estado.<\/p>\n<p>Firmaron el documento&nbsp;el ministro del Interior, Obras P&uacute;blicas y Vivienda, Rogelio Frigerio; el ministro de Hacienda y Finanzas P&uacute;blicas de la Naci&oacute;n, Alfonso Prat-Gay; el jefe de Gobierno de la Ciudad Aut&oacute;noma de Buenos Aires, Horacio Rodr&iacute;guez Larreta, y las provincias argentinas.<\/p>\n<p>El acuerdo incluye tambi&eacute;n el compromiso de los actores involucrados de adoptar&nbsp;las medidas necesarias a fin de impulsar la convergencia al equilibrio fiscal en cada jurisdicci&oacute;n en 2019 y mejorar de manera progresiva la calidad de los servicios prestados por el Estado. En un segundo punto, se comprometieron a impulsar una nueva Ley de Coparticipaci&oacute;n Federal de Impuestos, considerando las competencias, los servicios y las funciones que tengan a su cargo.<\/p>\n<p>De esta manera, impulsar&aacute;n el debate de un nuevo R&eacute;gimen Federal de Responsabilidad Fiscal que complemente o remplace el vigente. Adem&aacute;s, fijar metas fiscales para los pr&oacute;ximos cuatro&nbsp;a&ntilde;os que garanticen el equilibrio financiero en 2019, la calidad y sostenibilidad del gasto p&uacute;blico y la utilizaci&oacute;n responsable del endeudamiento.<\/p>\n<p>Adem&aacute;s, apuntar&aacute;n a la modernizaci&oacute;n del Estado, teniendo en cuenta&nbsp;los siguientes puntos:<\/p>\n<ul>\n<li>La modernizaci&oacute;n de los sistemas inform&aacute;ticos y la capacitaci&oacute;n de&nbsp;los funcionarios p&uacute;blicos para su efectiva aplicaci&oacute;n; el fortalecimiento del sistema de gesti&oacute;n financiera y su vinculaci&oacute;n con el presupuesto por resultados.<\/li>\n<li>Fortalecimiento de la transparencia de las acciones de gobierno, mejorando el acceso a la informaci&oacute;n de las cuentas p&uacute;blicas y a los sistemas de compras p&uacute;blicas, siguiendo a tal fin, los lineamientos del Estado Nacional.<\/li>\n<li>Implementaci&oacute;n pol&iacute;ticas tributarias destinadas a promover el aumento de la tasa de inversi&oacute;n y de empleo privado.<\/li>\n<li>Generar&nbsp;la compatibilizaci&oacute;n y el intercambio de informaci&oacute;n entre las direcciones de rentas (o agencias) provinciales, la Comisi&oacute;n Arbitral del Convenio Multilateral y la Administraci&oacute;n Federal de Ingresos P&uacute;blicos (AFIP) para mejorar la fiscalizaci&oacute;n de impuestos; entre otros puntos.<\/li>\n<\/ul>\n<p><strong>Competitividad y econom&iacute;as regionales<\/strong><\/p>\n<p>El acuerdo prev&eacute; incrementar&nbsp;la competitividad territorial mediante la diversificaci&oacute;n productiva y el desarrollo de nuevos eslabones en las cadenas de valor preexistentes. Esto, atendiendo a las situaciones de pobreza y garantizando la igualdad de oportunidades para toda la poblaci&oacute;n.<\/p>\n<p>Los gobernadores y ministros elaborar&aacute;n y ejecutar&aacute;n proyectos de infraestructura que permitan aprovechar oportunidades para el desarrollo de las econom&iacute;as regionales y nuevos emprendimientos.&nbsp;Se crear&aacute;&nbsp;para ello, si fuera conveniente, un Banco de Datos Provincial de Proyectos de Inversi&oacute;n, que permita atraer capitales privados nacionales e internacionales, promover el intercambio y la integraci&oacute;n entre el sector p&uacute;blico y privado, y entre personas de distinta procedencia geogr&aacute;fica y disciplinaria, crear y fortalecer redes de contactos que permitan identificar oportunidades para ampliar y consolidar la vinculaci&oacute;n de las econom&iacute;as provinciales con los flujos de inversi&oacute;n y comercio internacional. Adem&aacute;s, propiciar&aacute;n el desarrollo segmentado de cadenas productivas y por regiones,&nbsp;fortaleciendo el entramado de peque&ntilde;as y medianas empresas&nbsp;y&nbsp;alentando el desarrollo de nuevos emprendimientos.<\/p>\n<p><strong>Coparticipaci&oacute;n<\/strong><\/p>\n<p>En el encuentro se defini&oacute; la forma de pago en la que a Mendoza se le devolver&aacute; el 15% de la coparticipaci&oacute;n federal que se le descontaba para financiar a la ANSES. Ser&aacute; ahora el Tesoro Nacional quien se har&aacute; cargo de la diferencia para no afectar al organismo de seguridad social nacional.<\/p>\n<p>Vale destacar que el acuerdo suscripto el 18 de mayo de 2016 fue ratificado por el art&iacute;culo 1&deg; de la Ley N&deg; 8.873 de la legislatura de Mendoza.<\/p>\n<p><strong>La devoluci&oacute;n<\/strong><\/p>\n<p>Alfredo Cornejo detall&oacute; sobre la firma: &ldquo;Acabamos de firmar en casa rosada dos acuerdos, que vienen a restituir el 15 % que se nos hab&iacute;a detra&iacute;do a las provincias para financiar la ANSES y ejecutar el pacto fiscal que firmamos en el mes de abril en C&oacute;rdoba, con lo cual vamos a empezar a recibir los fondos de esa devoluci&oacute;n del 15% y esos fondos van a venir a equilibrar lo que hemos perdido despu&eacute;s de las rebajas de ganancias e IVA que ha hecho el gobierno nacional, as&iacute; que venimos a equilibrar las cuentas y terminar a fin de a&ntilde;o con cierto equilibrio pero por supuesto tenemos que seguir haciendo el esfuerzo los mendocinos, el Gobierno para poder reestablecer el orden fiscal, el orden econ&oacute;mico, el orden presupuestario de la provincia&rdquo;.<\/p>\n<p>El mecanismo ser&aacute;, para el primer a&ntilde;o, del 3% de devoluci&oacute;n efectiva y 6% en pr&eacute;stamos, con una tasa entre 12% y 15% anual, que la Provincia empezar&aacute; a pagar en 2020.<\/p>\n<p>Para el segundo a&ntilde;o (2017) es 6% de devoluci&oacute;n efectiva y 3% de pr&eacute;stamo; para el tercer a&ntilde;o (2018) es el 9% de devoluci&oacute;n y el 3% de pr&eacute;stamo; para el cuarto (2019) es el 12% de devoluci&oacute;n efectiva y el 3% de pr&eacute;stamo.<\/p>\n<p>Ya desde 2020 la devoluci&oacute;n por parte de la Naci&oacute;n ser&aacute; del 15%. &nbsp;&ldquo;Este convenio bilateral entre Mendoza y el ministerio del interior establece que desde el 1 de agosto comience a gotearse el 3%, y que lo acumulado de enero a julio, que fueron $332 millones se va a transferir a la provincia en cinco cuotas iguales y consecutivas este mes&rdquo;, destac&oacute; Mart&iacute;n Kerchner, ministro de Hacienda y Finanzas de Mendoza.<\/p>\n<p><strong>Pr&eacute;stamos<\/strong><\/p>\n<p>Este acuerdo adem&aacute;s incluye la posibilidad de que las provincias tomen pr&eacute;stamos a cuenta a una tasa subsidiada del 15% a trav&eacute;s del Fondo de Garant&iacute;a de Sustentabilidad, que entrar&aacute; en vigencia una vez que sea refrendado por el Congreso Nacional y las legislaturas provinciales.<\/p>\n<p><strong>Mendoza recibir&aacute; $1.179 millones de la ANSES<\/strong><\/p>\n<p>El Gobernador Alfredo Cornejo consolid&oacute; esta tarde la firma del convenio por el cual la&nbsp;ANSES le prestar&aacute; a Mendoza $1.179 millones que se devolver&aacute;n a una&nbsp;tasa de inter&eacute;s del 15% anual&nbsp;vencida en el caso de los desembolsos correspondientes a los a&ntilde;os 2016 y 2017, y del 12% anual en el caso de los a&ntilde;os 2018 y 2019.<\/p>\n<p>El acuerdo se realiz&oacute; entre el ministro del Interior, Obras P&uacute;blicas y Vivienda, Rogelio Frigerio; el ministro de Hacienda y Finanzas P&uacute;blicas, Alfonso Prat Gay; el titular de la ANSES, Emilio Basavilbaso, y el mandatario provincial. Los intereses ser&aacute;n abonados durante cuatro a&ntilde;os, de manera semestral, y no ser&aacute;n capitalizables. Para el pago se usar&aacute;n los recursos coparticipables que la Naci&oacute;n le debe a la Provincia.<\/p>\n<\/body><\/html>\n","protected":false},"excerpt":{"rendered":"Cornejo particip\u00f3 de la reuni\u00f3n de gobernadores y propuso la implementaci\u00f3n de sistemas de incentivos basados en objetivos y resultados para los empleados p\u00fablicos. Adem\u00e1s, plante\u00f3 la idea de una evaluaci\u00f3n de la estructura de recursos humanos.","protected":false},"author":3,"featured_media":62591,"comment_status":"open","ping_status":"open","sticky":false,"template":"","format":"standard","meta":[],"categories":[19],"tags":[],"_links":{"self":[{"href":"https:\/\/www.mendoza.gov.ar\/prensa\/wp-json\/wp\/v2\/posts\/62589"}],"collection":[{"href":"https:\/\/www.mendoza.gov.ar\/prensa\/wp-json\/wp\/v2\/posts"}],"about":[{"href":"https:\/\/www.mendoza.gov.ar\/prensa\/wp-json\/wp\/v2\/types\/post"}],"author":[{"embeddable":true,"href":"https:\/\/www.mendoza.gov.ar\/prensa\/wp-json\/wp\/v2\/users\/3"}],"replies":[{"embeddable":true,"href":"https:\/\/www.mendoza.gov.ar\/prensa\/wp-json\/wp\/v2\/comments?post=62589"}],"version-history":[{"count":0,"href":"https:\/\/www.mendoza.gov.ar\/prensa\/wp-json\/wp\/v2\/posts\/62589\/revisions"}],"wp:featuredmedia":[{"embeddable":true,"href":"https:\/\/www.mendoza.gov.ar\/prensa\/wp-json\/wp\/v2\/media\/62591"}],"wp:attachment":[{"href":"https:\/\/www.mendoza.gov.ar\/prensa\/wp-json\/wp\/v2\/media?parent=62589"}],"wp:term":[{"taxonomy":"category","embeddable":true,"href":"https:\/\/www.mendoza.gov.ar\/prensa\/wp-json\/wp\/v2\/categories?post=62589"},{"taxonomy":"post_tag","embeddable":true,"href":"https:\/\/www.mendoza.gov.ar\/prensa\/wp-json\/wp\/v2\/tags?post=62589"}],"curies":[{"name":"wp","href":"https:\/\/api.w.org\/{rel}","templated":true}]}}