{"id":62689,"date":"2016-08-03T18:37:32","date_gmt":"2016-08-03T21:37:32","guid":{"rendered":"http:\/\/prensa.mendoza.gov.ar\/?p=62689"},"modified":"2016-08-03T18:37:32","modified_gmt":"2016-08-03T21:37:32","slug":"mendoza-firma-convenio-con-nacion-por-30-millones-para-emergencia-agropecuaria","status":"publish","type":"post","link":"https:\/\/www.mendoza.gov.ar\/prensa\/mendoza-firma-convenio-con-nacion-por-30-millones-para-emergencia-agropecuaria\/","title":{"rendered":"Mendoza firma convenio con la Naci\u00f3n por $30 millones para emergencia agropecuaria"},"content":{"rendered":"<!DOCTYPE html PUBLIC \"-\/\/W3C\/\/DTD HTML 4.0 Transitional\/\/EN\" \"http:\/\/www.w3.org\/TR\/REC-html40\/loose.dtd\">\n<html><body><div style=\"text-align: left\" align=\"center\">El ministro de Econom&iacute;a, Infraestructura y Energ&iacute;a, Enrique Vaqui&eacute;, presidi&oacute; esta ma&ntilde;ana la apertura del Consejo Federal Agropecuario, que por primera vez se realiza en la provincia de Mendoza. Uno de los puntos destacados del encuentro fue la firma de un convenio para la transferencia de $30 millones destinado a productores en emergencia.<\/div>\n<div style=\"text-align: left\"><\/div>\n<div dir=\"ltr\">Este fondo se suma a los m&aacute;s de $100 millones que el Gobierno provincial ya transfiri&oacute; a los productores a trav&eacute;s de diversas modalidades como cr&eacute;ditos, diferimientos, subisidios y operativos de tonificaci&oacute;n de precios, entre otras medidas. El objetivo de todas esas acciones fue mitigar el efecto de una dura temporada clim&aacute;tica, que se potencia con los problemas estructurales y de rentabilidad que arrastra la producci&oacute;n primaria local.<\/div>\n<div><\/div>\n<div>Junto al secretario de Agricultura, Pesca y Ganader&iacute;a de la Naci&oacute;n, Ricardo Negri,<i> <\/i>y al secretario de Coordinaci&oacute;n y Desarrollo Territorial, Santiago Hardie, ambas autoridades del Ministerio de Agroindustria de la Naci&oacute;n, estuvieron presentes los funcionarios a cargo de las &aacute;reas de agricultura, econom&iacute;a, ganader&iacute;a y pesca de todas las provincias.<\/div>\n<div><\/div>\n<div>El ministro Vaqui&eacute; expres&oacute; su preocupaci&oacute;n por el impacto de las tarifas el&eacute;ctricas sobre el riego agr&iacute;cola para la primavera, y coment&oacute;: &ldquo;Hemos hablado con el ministro Ricardo Buryaille para encontrar mecanismos como los que se aplicaron en las industrias electrointensivas y as&iacute; disminuir el impacto sobre los productores que hacen uso de pozos para riego agr&iacute;cola&rdquo;.<\/div>\n<div><\/div>\n<div>Un importante tema que se abord&oacute; durante la reuni&oacute;n fue la compra de feromonas para combatir la Lobesia botrana en la provincia. Para ello, Vaqui&eacute; pidi&oacute; a los funcionarios nacionales que el Senasa colabore con el Iscamen para la compra del qu&iacute;mico y as&iacute; iniciar una lucha activa y eficiente. &ldquo;Queremos, mientras esperamos que el a&ntilde;o que viene lleguen los $300 millones, que la plaga no siga creciendo y combatirla con todos los recursos en 2017&rdquo;.<\/div>\n<div><\/div>\n<div>El Gobierno nacional ha destinado $60 millones para la compra de feromonas para bajar la presi&oacute;n de la plaga, de los cuales $50 le corresponden a Mendoza y $10 son para la provincia de San Juan. En este sentido, Negri dijo que para este a&ntilde;o est&aacute;n preparando un plan para frenar el avance de la Lobesia botrana y combatirla organizada e integralmente.<\/div>\n<div><\/div>\n<div>Al respecto, Vaqui&eacute; destac&oacute; que la enfermedad criptog&aacute;mica llego a la provincia hace seis&nbsp;a&ntilde;os y en los &uacute;ltimos cinco&nbsp;&ldquo;no hubo ni un peso para combatir la plaga&rdquo;, y reconoci&oacute; que se necesitan entre US$ 20 millones y US$ 22 millones para combatir este flagelo, ya que &ldquo;la ley nacional se aprob&oacute; cinco&nbsp;a&ntilde;os tarde y cuando se hizo, en 2015, ya estaba cerrado el presupuesto&rdquo;.<\/div>\n<div><\/div>\n<div>Otro de los temas que se trabajaron a lo largo de la reuni&oacute;n fue la b&uacute;squeda de medidas para resolver en el mediano plazo los problemas de la industrializaci&oacute;n de las frutas.<\/div>\n<div><\/div>\n<div>Con respecto a la confecci&oacute;n de un seguro agr&iacute;cola, Vaqui&eacute; mencion&oacute; la importancia de que sea m&aacute;s concreto y sostuvo que&nbsp;si bien Mendoza hizo un esfuerzo para pagar la primera cuota, est&aacute;n trabajando en un plan que sea completo y efectivo. Sobre esto, Negri destac&oacute; que Argentina est&aacute; muy atrasada a nivel mundial respecto de&nbsp;los seguros para agroindustria. &ldquo;Por eso se est&aacute; trabajando en un plan a largo plazo, porque no hay informaci&oacute;n para hacer un sistema de seguros m&aacute;s amplio y completo. Mientras tanto, y a corto plazo, se va a seguir trabajando con la ley de emergencia actual&rdquo;.<\/div>\n<div><\/div>\n<div>La reconversi&oacute;n vitivin&iacute;cola para La Rioja, San Juan y Mendoza fue&nbsp;otro de los temas que se trabajaron durante la jornada. Al respecto, Vaqui&eacute; reconoci&oacute; que &ldquo;es costosa pero hay que hacer un plan integral primero, para despu&eacute;s discutirlo en la Naci&oacute;n&rdquo;.<\/div>\n<div><\/div>\n<div>El tipo de cambio, la competitividad global de la econom&iacute;a mendocina, financiamiento infraestructura, log&iacute;stica y desarrollo de acueductos ganaderos para el secano mendocinos son otros&nbsp;temas que tambi&eacute;n estuvieron presentes en la agenda del Consejo Federal Agropecuario.<\/div>\n<\/body><\/html>\n","protected":false},"excerpt":{"rendered":"Lo anunci\u00f3 el secretario de Agricultura, Pesca y Ganader\u00eda de la Naci\u00f3n, Ricardo Negri, durante la reuni\u00f3n del Consejo Federal Agropecuario. Se comprometi\u00f3 a firmar la addenda para destinar fondos sobrantes del excedente v\u00ednico para reforzar combate de la plaga de Lobesia botrana.","protected":false},"author":3,"featured_media":62690,"comment_status":"open","ping_status":"open","sticky":false,"template":"","format":"standard","meta":[],"categories":[1],"tags":[],"_links":{"self":[{"href":"https:\/\/www.mendoza.gov.ar\/prensa\/wp-json\/wp\/v2\/posts\/62689"}],"collection":[{"href":"https:\/\/www.mendoza.gov.ar\/prensa\/wp-json\/wp\/v2\/posts"}],"about":[{"href":"https:\/\/www.mendoza.gov.ar\/prensa\/wp-json\/wp\/v2\/types\/post"}],"author":[{"embeddable":true,"href":"https:\/\/www.mendoza.gov.ar\/prensa\/wp-json\/wp\/v2\/users\/3"}],"replies":[{"embeddable":true,"href":"https:\/\/www.mendoza.gov.ar\/prensa\/wp-json\/wp\/v2\/comments?post=62689"}],"version-history":[{"count":0,"href":"https:\/\/www.mendoza.gov.ar\/prensa\/wp-json\/wp\/v2\/posts\/62689\/revisions"}],"wp:featuredmedia":[{"embeddable":true,"href":"https:\/\/www.mendoza.gov.ar\/prensa\/wp-json\/wp\/v2\/media\/62690"}],"wp:attachment":[{"href":"https:\/\/www.mendoza.gov.ar\/prensa\/wp-json\/wp\/v2\/media?parent=62689"}],"wp:term":[{"taxonomy":"category","embeddable":true,"href":"https:\/\/www.mendoza.gov.ar\/prensa\/wp-json\/wp\/v2\/categories?post=62689"},{"taxonomy":"post_tag","embeddable":true,"href":"https:\/\/www.mendoza.gov.ar\/prensa\/wp-json\/wp\/v2\/tags?post=62689"}],"curies":[{"name":"wp","href":"https:\/\/api.w.org\/{rel}","templated":true}]}}