{"id":62702,"date":"2016-08-03T20:19:32","date_gmt":"2016-08-03T23:19:32","guid":{"rendered":"http:\/\/prensa.mendoza.gov.ar\/?p=62702"},"modified":"2016-08-03T20:19:32","modified_gmt":"2016-08-03T23:19:32","slug":"cornejo-anuncio-la-restauracion-del-museo-fader","status":"publish","type":"post","link":"https:\/\/www.mendoza.gov.ar\/prensa\/cornejo-anuncio-la-restauracion-del-museo-fader\/","title":{"rendered":"Cornejo anunci\u00f3 la restauraci\u00f3n del Museo Fader"},"content":{"rendered":"<!DOCTYPE html PUBLIC \"-\/\/W3C\/\/DTD HTML 4.0 Transitional\/\/EN\" \"http:\/\/www.w3.org\/TR\/REC-html40\/loose.dtd\">\n<html><body><p>El Gobernador Alfredo Cornejo particip&oacute; esta tarde de un acto en las instalaciones del museo Emiliano Gui&ntilde;az&uacute;-Casa de Fader en Luj&aacute;n de Cuyo, donde junto a Diego Gareca, secretario de Cultura de Mendoza, anunciaron la inversi&oacute;n que realizar&aacute; la Provincia para restaurar el simb&oacute;lico espacio de arte.<\/p>\n<p>&ldquo;Es un gran patrimonio art&iacute;stico provincial y estamos trabajando su restauraci&oacute;n para devolverles este importante hito cultural a los mendocinos. Durante los &uacute;ltimos a&ntilde;os se ha hecho hincapi&eacute; en hacer m&aacute;s lugares de cultura, con grandes inversiones como lo es el Le Parc, y celebramos todo lo que se haga en materia de inversi&oacute;n, pero si no sostenemos lo que ya tenemos, no tenemos que pensar en nuevas cosas, hay que mantener lo que tenemos y cada vez mejor&rdquo;, resalt&oacute; Cornejo.<\/p>\n<p>El Museo Provincial de Bellas Artes &ldquo;Emiliano Gui&ntilde;az&uacute;-Casa de Fader&rdquo; est&aacute; cerrado al p&uacute;blico desde fines del 2012, por el&nbsp;deterioro edilicio. La obra de consolidaci&oacute;n y restauraci&oacute;n demandar&aacute; una inversi&oacute;n estimada de&nbsp;$28 millones y tendr&aacute; un plazo m&iacute;nimo de ejecuci&oacute;n de 18 meses. Actualmente, se trabaja en el proyecto ejecutivo desde la Direcci&oacute;n de Patrimonio para el lanzamiento de la licitaci&oacute;n, que se realizar&iacute;a en noviembre de 2016.<\/p>\n<p>El Gobernador destac&oacute; al trabajo que se realizar&aacute; en el museo como uno de sus objetivos de gesti&oacute;n: &ldquo;Toda la infraestructura que tenemos, queremos usarla al m&aacute;ximo posible pero queremos ir reestableciendo nuestro patrimonio que lo tenemos muy abandonado. Quiz&aacute;s el ejemplo m&aacute;s representativo sea el Fader, es el ejemplo mas claro de c&oacute;mo abandonar una propiedad del Estado, sus obras, la historia, la importancia que tiene para la pintura, la historia misma de Mendoza est&aacute; aqu&iacute;. Es una verg&uuml;enza que lo tengamos cerrado, as&iacute;, y no queremos seguir siendo c&oacute;mplices de esa verg&uuml;enza. Vamos a trabajar en reestablecer la estructura del lugar, con incorporaciones no invasivas, y vamos a trabajar con el jard&iacute;n que es un museo a cielo abierto que queremos aprovechar&rdquo;.<\/p>\n<p><a href=\"https:\/\/www.mendoza.gov.ar\/prensa\/wp-content\/uploads\/sites\/23\/1DSC_4477.jpg\"><img loading=\"lazy\" class=\"alignnone wp-image-62705 img-responsive center-block\" src=\"https:\/\/www.mendoza.gov.ar\/prensa\/wp-content\/uploads\/sites\/23\/1DSC_4477.jpg\" alt=\"\" width=\"650\" height=\"450\"><\/a><\/p>\n<p>Por su parte, Gareca resalt&oacute; el objetivo de recuperar el patrimonio cultural de la provincia: &ldquo;Hace mas de 3 a&ntilde;os y medio que este museo est&aacute; cerrado y la verdad que es esa la tarea que nos hemos propuesto, de ir recuperando todos los espacios que tienen que ver con la cultura de Mendoza. Es el s&iacute;mbolo mas importante que tenemos en la provincia, y que haya estado tanto tiempo cerrado es una muestra de mala gesti&oacute;n, y de informar donde se invierte el dinero en Cultura&rdquo;.<\/p>\n<p>Luego de un estudio estructural minucioso, a cargo de un grupo de especialistas en estructuras, de la Universidad Tecnol&oacute;gica Regional Mendoza, Ceredetec, la Direcci&oacute;n de Patrimonio y Museos y el Ministerio de Infraestructura, se decidi&oacute; conformar&nbsp;las bases para el proyecto de restauraci&oacute;n.<\/p>\n<p><strong>Resultados de los estudios realizados<\/strong><\/p>\n<p>Los estudios detectaron corrosi&oacute;n de los perfiles met&aacute;licos que soportan las losas, fisuras menores e importantes en la estructura y humedad ascendente en sectores puntuales. Las principales causas de los deterioros fueron la fundaci&oacute;n en suelo limoso, el sobrepeso del edificio y las intervenciones, las grandes superficies expuestas a variables ambientales (temperatura y humedad) y el aporte de humedad en el terreno.<strong>&nbsp;<\/strong><\/p>\n<p>La investigaci&oacute;n determin&oacute; la necesidad de consolidar el museo desde los cimientos, llevando a tierra firme todo el edificio original. Junto a esta estructura, se incorporar&aacute; una viga superior que estar&aacute; vinculada en algunos puntos clave con las fundaciones para darle resistencia a las fuerzas s&iacute;smicas.<\/p>\n<p>Otro de los puntos fundamentales para detener el deterioro arquitect&oacute;nico y de los murales es el control de humedad del suelo circundante, especialmente la franja de jardines que se encuentran en la base del edificio.<\/p>\n<p>Marcelo Nardechia, arquitecto y Director de Patrimonio Cultural y Museos, destac&oacute; detalles de la &nbsp;restauraci&oacute;n: &ldquo;La obra de puesta en valor del museo consiste en una consolidaci&oacute;n de la estructura que tiene este edificio al que nosotros hemos disgregado como primera etapa. A continuaci&oacute;n, una restauraci&oacute;n de todos los elementos arquitect&oacute;nicos, y art&iacute;sticos, sobre todo los pict&oacute;ricos, que hemos denominado segunda etapa, esto tiene que ver con una cuesti&oacute;n de prioridad, de seguridad edilicia, hemos priorizado una estructura nueva que tiene el valor de no ser invasiva. Vamos a trabajar sobre los cimientos y el sistema de encadenado que el edificio no tiene y eso es importante para cumplir con los reglamentos y la seguridad de los edificios p&uacute;blicos&rdquo;.<\/p>\n<p><strong>Los trabajos de consolidaci&oacute;n<\/strong><\/p>\n<ul>\n<li>Recalce de muros mediante la construcci&oacute;n de submuraci&oacute;n bajo cimientos hasta alcanzar suelo granular.<\/li>\n<li>Reparaci&oacute;n de todas las fisuras y grietas mediante relleno adecuado.<\/li>\n<li>Vinculaci&oacute;n en distintos niveles los muros de mamposter&iacute;a mediante perfiles.<\/li>\n<li>Refuerzo del muro de fachada y torreones.<\/li>\n<li>Refuerzo de la cubierta de losa de bovedillas.<\/li>\n<li>Construcci&oacute;n de cubierta para modificaci&oacute;n de desag&uuml;es pluviales.<\/li>\n<\/ul>\n<p><strong>Un poco de historia<\/strong><\/p>\n<p>El Museo Provincial de Bellas Artes&nbsp;&ldquo;Emiliano Gui&ntilde;az&uacute;-Casa de Fader&rdquo; fue una iniciativa de Narcisa Araujo, viuda de Gui&ntilde;az&uacute;, quien en 1940 don&oacute; la propiedad a la provincia con el prop&oacute;sito de convertirla en museo. El profesor Julio Su&aacute;rez Marzal gest&oacute; y llev&oacute; a cabo el proyecto de remodelaci&oacute;n de la casa para este fin.<\/p>\n<p>Su propuesta incorpor&oacute; el verde en los recorridos a trav&eacute;s de un trazado del jard&iacute;n al estilo franc&eacute;s que determina &ldquo;salas de exposici&oacute;n al aire libre&rdquo;. A partir de ese momento, esta instituci&oacute;n resguarda y difunde la obra pict&oacute;rica de autores nacionales y locales. El museo cuenta con m&aacute;s de 50 obras de Fernando Fader, entre las que se encuentran casi 100 m2 de murales, las dos &uacute;nicas esculturas del artista y valios&iacute;simas pinturas de principios del siglo XX.<\/p>\n<\/body><\/html>\n","protected":false},"excerpt":{"rendered":"El lugar est\u00e1 cerrado al p\u00fablico desde fines de 2012, debido al deterioro edilicio. La obra de consolidaci\u00f3n y restauraci\u00f3n demandar\u00e1 $28 millones y tendr\u00e1 un plazo m\u00ednimo de ejecuci\u00f3n de 18 meses.","protected":false},"author":3,"featured_media":62707,"comment_status":"open","ping_status":"open","sticky":false,"template":"","format":"standard","meta":[],"categories":[19],"tags":[],"_links":{"self":[{"href":"https:\/\/www.mendoza.gov.ar\/prensa\/wp-json\/wp\/v2\/posts\/62702"}],"collection":[{"href":"https:\/\/www.mendoza.gov.ar\/prensa\/wp-json\/wp\/v2\/posts"}],"about":[{"href":"https:\/\/www.mendoza.gov.ar\/prensa\/wp-json\/wp\/v2\/types\/post"}],"author":[{"embeddable":true,"href":"https:\/\/www.mendoza.gov.ar\/prensa\/wp-json\/wp\/v2\/users\/3"}],"replies":[{"embeddable":true,"href":"https:\/\/www.mendoza.gov.ar\/prensa\/wp-json\/wp\/v2\/comments?post=62702"}],"version-history":[{"count":0,"href":"https:\/\/www.mendoza.gov.ar\/prensa\/wp-json\/wp\/v2\/posts\/62702\/revisions"}],"wp:featuredmedia":[{"embeddable":true,"href":"https:\/\/www.mendoza.gov.ar\/prensa\/wp-json\/wp\/v2\/media\/62707"}],"wp:attachment":[{"href":"https:\/\/www.mendoza.gov.ar\/prensa\/wp-json\/wp\/v2\/media?parent=62702"}],"wp:term":[{"taxonomy":"category","embeddable":true,"href":"https:\/\/www.mendoza.gov.ar\/prensa\/wp-json\/wp\/v2\/categories?post=62702"},{"taxonomy":"post_tag","embeddable":true,"href":"https:\/\/www.mendoza.gov.ar\/prensa\/wp-json\/wp\/v2\/tags?post=62702"}],"curies":[{"name":"wp","href":"https:\/\/api.w.org\/{rel}","templated":true}]}}