{"id":62714,"date":"2016-08-04T10:57:59","date_gmt":"2016-08-04T13:57:59","guid":{"rendered":"http:\/\/prensa.mendoza.gov.ar\/?p=62714"},"modified":"2016-08-04T10:57:59","modified_gmt":"2016-08-04T13:57:59","slug":"vamos-a-hacer-un-estado-mas-inteligente-porque-si-no-no-vamos-a-mejorar-la-seguridad","status":"publish","type":"post","link":"https:\/\/www.mendoza.gov.ar\/prensa\/vamos-a-hacer-un-estado-mas-inteligente-porque-si-no-no-vamos-a-mejorar-la-seguridad\/","title":{"rendered":"\u201cVamos a hacer un Estado m\u00e1s inteligente, porque si no, no vamos a mejorar la seguridad&quot;"},"content":{"rendered":"<!DOCTYPE html PUBLIC \"-\/\/W3C\/\/DTD HTML 4.0 Transitional\/\/EN\" \"http:\/\/www.w3.org\/TR\/REC-html40\/loose.dtd\">\n<html><body><p>&ldquo;Estoy preparando una modificaci&oacute;n para la ley de ADN, vamos a modificarla y a hacerla mucho m&aacute;s profunda. Es una muy buena ley para generar el banco de datos de personas que hayan cometido delitos&rdquo;, destac&oacute; el Gobernador Alfredo Cornejo. Adem&aacute;s, se&ntilde;al&oacute;: &ldquo;No puede ser que en Mendoza tengamos cerca de 1.000 personas imputadas por delitos de violencia sexual, y tengamos en el banco de datos s&oacute;lo 42 registros&rdquo;.<\/p>\n<p>El Gobernador detall&oacute; los aspectos principales de las modificaciones propuestas: &ldquo;Hoy la huella digital y el ADN son claves para probar delitos. Estamos poniendo mucho &eacute;nfasis en que la Justicia tenga un banco de datos en el Ministerio P&uacute;blico Fiscal, con informaci&oacute;n de todos los polic&iacute;as que act&uacute;an en investigaciones, los que act&uacute;an en las escenas del crimen. Todos los polic&iacute;as estar&aacute;n obligados a tener su muestra de ADN, y todos los imputados, procesados y acusados de delitos y condenados deber&aacute;n estar en este banco de datos, con s&oacute;lo un hisopado, sin siquiera una muestra de sangre. Con esto vamos a generar un gran trabajo de disuasi&oacute;n: si una persona sabe que est&aacute; en un banco de datos, se va a cuidar de delinquir y de dejar sus huellas digitales y su marca de ADN en la escena de un delito. Vamos a hacer un Estado m&aacute;s inteligente, porque si no, no vamos a mejorar la seguridad de Mendoza&rdquo;.<\/p>\n<p>En relaci&oacute;n con&nbsp;los proyectos tratados con el presidente Mauricio Macri, el Gobernador anunci&oacute;: &ldquo;&Eacute;l est&aacute; muy concentrado no s&oacute;lo en combatir la inflaci&oacute;n sino tambi&eacute;n en mejorar la capacidad energ&eacute;tica de la Argentina. Se mostr&oacute; muy interesado en los proyectos hidroel&eacute;ctricos, solares y e&oacute;licos de Mendoza. Hay y habr&aacute; muchas necesidades de energ&iacute;a en nuestro pa&iacute;s, por lo que tenemos que transformarnos en una de las provincias que mayor energ&iacute;a puedan vender&rdquo;.<\/p>\n<p>Respecto del proyecto de Portezuelo del Viento, afirm&oacute; Cornejo: &ldquo;Una vez que tengamos los problemas t&eacute;cnicos resueltos, probablemente estaremos en condiciones de licitar Portezuelo del Viento, el cual generar&aacute;&nbsp;mucha energ&iacute;a para la Argentina, regal&iacute;as para Mendoza e irrigaci&oacute;n para San Rafael y General Alvear. Podr&iacute;a demandar en los dos primeros a&ntilde;os unos 3.000 puestos laborales directos. Tampoco queremos descartar Los Blancos, a pesar de que viene mal&rdquo;.<\/p>\n<p><strong>C&oacute;digo Procesal Penal<\/strong><\/p>\n<p>&ldquo;Estamos modificando el C&oacute;digo Procesal Penal en distintas instancias. Vamos hacia mayor eficacia penal, acortando plazos, haciendo procesos orales y no tanto escritos. Creemos que tenemos un alto consenso en la sociedad, y en las personas que tienen que interactuar en la Justicia, en que debemos modificar estos procedimientos y hacerlos m&aacute;s &aacute;giles. Esperamos que la Legislatura lo apruebe pronto&rdquo;, asever&oacute;&nbsp;el Gobernador.<\/p>\n<p>&ldquo;Para tener mejor seguridad en Mendoza, necesitamos tener eficacia penal. Si no tenemos jueces fiscales que act&uacute;en bien, que act&uacute;en r&aacute;pido y est&eacute;n atentos para la sanci&oacute;n del delito, vamos a seguir teniendo mucha inseguridad. Tambi&eacute;n tenemos que mejorar la Polic&iacute;a. Tenemos que mejorar nuestra tarea de prevenci&oacute;n y disuasi&oacute;n del delito, para eso tenemos que mejorar nuestra capacidad de orientaci&oacute;n del polic&iacute;a, nuestra preparaci&oacute;n y estamos en esa tarea&rdquo;, finaliz&oacute; el mandatario.<\/p>\n<\/body><\/html>\n","protected":false},"excerpt":{"rendered":"As\u00ed lo afirm\u00f3 Alfredo Cornejo al referirse a la ley de ADN y a las modificaciones propuestas desde el Ejecutivo. Asegur\u00f3, adem\u00e1s, estar trabajando en otros proyectos legislativos.","protected":false},"author":3,"featured_media":62715,"comment_status":"open","ping_status":"open","sticky":false,"template":"","format":"standard","meta":[],"categories":[19],"tags":[],"_links":{"self":[{"href":"https:\/\/www.mendoza.gov.ar\/prensa\/wp-json\/wp\/v2\/posts\/62714"}],"collection":[{"href":"https:\/\/www.mendoza.gov.ar\/prensa\/wp-json\/wp\/v2\/posts"}],"about":[{"href":"https:\/\/www.mendoza.gov.ar\/prensa\/wp-json\/wp\/v2\/types\/post"}],"author":[{"embeddable":true,"href":"https:\/\/www.mendoza.gov.ar\/prensa\/wp-json\/wp\/v2\/users\/3"}],"replies":[{"embeddable":true,"href":"https:\/\/www.mendoza.gov.ar\/prensa\/wp-json\/wp\/v2\/comments?post=62714"}],"version-history":[{"count":0,"href":"https:\/\/www.mendoza.gov.ar\/prensa\/wp-json\/wp\/v2\/posts\/62714\/revisions"}],"wp:featuredmedia":[{"embeddable":true,"href":"https:\/\/www.mendoza.gov.ar\/prensa\/wp-json\/wp\/v2\/media\/62715"}],"wp:attachment":[{"href":"https:\/\/www.mendoza.gov.ar\/prensa\/wp-json\/wp\/v2\/media?parent=62714"}],"wp:term":[{"taxonomy":"category","embeddable":true,"href":"https:\/\/www.mendoza.gov.ar\/prensa\/wp-json\/wp\/v2\/categories?post=62714"},{"taxonomy":"post_tag","embeddable":true,"href":"https:\/\/www.mendoza.gov.ar\/prensa\/wp-json\/wp\/v2\/tags?post=62714"}],"curies":[{"name":"wp","href":"https:\/\/api.w.org\/{rel}","templated":true}]}}