{"id":62820,"date":"2016-08-05T00:21:13","date_gmt":"2016-08-05T03:21:13","guid":{"rendered":"http:\/\/prensa.mendoza.gov.ar\/?p=62820"},"modified":"2016-08-05T00:21:13","modified_gmt":"2016-08-05T03:21:13","slug":"cornejo-participo-del-segundo-encuentro-de-ebilenas","status":"publish","type":"post","link":"https:\/\/www.mendoza.gov.ar\/prensa\/cornejo-participo-del-segundo-encuentro-de-ebilenas\/","title":{"rendered":"Cornejo particip\u00f3 del segundo encuentro de Ebile\u00f1as"},"content":{"rendered":"<!DOCTYPE html PUBLIC \"-\/\/W3C\/\/DTD HTML 4.0 Transitional\/\/EN\" \"http:\/\/www.w3.org\/TR\/REC-html40\/loose.dtd\">\n<html><body><p>Los representantes argentinos y chilenos de la Entidad Binacional Las Le&ntilde;as (Ebile&ntilde;as) se reunieron por segunda vez. El encuentro se realiz&oacute; en la localidad chilena de Rancagua donde estuvo presente el Gobernador Alfredo Cornejo junto al Embajador de Argentina en Chile, Jos&eacute; Octavio Bord&oacute;n; el ministro de Hacienda y Finanzas, Mart&iacute;n Kerchner; Vicepresidente del Ente Mendoza Turismo, Lucas Quesada; el ministro de Obras P&uacute;blicas chileno, Alberto Undurraga y el Embajador de Chile en Argentina, Jos&eacute; Antonio Viera-Gallo.<\/p>\n<p>La agenda de actividades comenz&oacute; el jueves por la ma&ntilde;ana con una reuni&oacute;n t&eacute;cnica donde los presentes dialogaron sobre los avances del proyecto del T&uacute;nel Internacional. La comisi&oacute;n visit&oacute; la Mina El Teniente donde observaron la experiencia en construcci&oacute;n de t&uacute;neles e infraestructura. Si bien el Gobernador no estuvo presente en esta parte del recorrido destac&oacute; que &ldquo;la visita al lugar fue de suma importancia ya que la Mina El Teniente es la que ha hecho los t&uacute;neles y la obra de los t&uacute;neles es muy importante porque representan el costo m&aacute;s alto de la obra&rdquo;.<\/p>\n<p>Las autoridades manifestaron su conformidad por esta segunda reuni&oacute;n Binacional mediante la firma de una declaraci&oacute;n conjunta donde celebraron el di&aacute;logo directo, para analizar y revisar los principales temas relacionados al proyecto T&uacute;nel Internacional Las Le&ntilde;as. Cornejo explic&oacute; que el encuentro se realiz&oacute; &ldquo;a los efectos de desarrollar el proyecto ejecutivo del T&uacute;nel. Una vez que est&eacute; listo vamos a llamar al proceso de licitaci&oacute;n&rdquo;.<\/p>\n<p>Adem&aacute;s los representantes de ambos pa&iacute;ses se comprometieron a continuar avanzando en los estudios necesarios para concreci&oacute;n del Sistema Integral del T&uacute;nel. Realizar&aacute;n estudios t&eacute;cnicos, cuyo objeto ser&aacute; la evaluaci&oacute;n de soluciones globales del T&uacute;nel, que eval&uacute;en conjuntamente todos los aspectos de ingenier&iacute;a, de dise&ntilde;o, constructivos, de operaci&oacute;n, mantenimiento y seguridad.<\/p>\n<p>Kerchner detall&oacute;: &ldquo;Se pudo lograr aprobar el reglamento por el cual se va a regir, designar al presidente, que va a ser argentino, y pudimos fijar en un plazo de 15 d&iacute;as la designaci&oacute;n de los peritos y t&eacute;cnicos que van a trabajar en el pre proyecto del T&uacute;nel. Trabajo que va a estar coordinado por miembros del Ente con personal que va a aportar, tanto del lado chileno como argentino, para que en el plazo m&aacute;s corto posible se pueda tener el ante proyecto y avanzar as&iacute; sobre el financiamiento&rdquo;.<\/p>\n<p>El Ministro indic&oacute; que &ldquo;tambi&eacute;n se constituy&oacute; una comisi&oacute;n para ir haciendo an&aacute;lisis de factibilidad econ&oacute;mica y determinar qu&eacute; tipo de financiamiento se puede utilizar para esta obra, ya sea mixto o p&uacute;blico&rdquo;.<\/p>\n<p>La declaraci&oacute;n conjunta manifiesta la necesidad de avanzar en el corto plazo en las obras de infraestructura de acceso al T&uacute;nel, tanto por el lado chileno como argentino, proponiendo a los organismos t&eacute;cnicos respectivos la priorizaci&oacute;n de las obras y del financiamiento requerido para este objetivo. Finalmente Cornejo subray&oacute; &ldquo;el mutuo compromiso en el proceso de integraci&oacute;n binacional que llevamos a cabo ambos pa&iacute;ses&rdquo;.<\/p>\n<\/body><\/html>\n","protected":false},"excerpt":{"rendered":"La reuni\u00f3n se realiz\u00f3 en la localidad chilena de Rancagua donde, autoridades del vecino pa\u00eds y argentinas, firmaron una declaraci\u00f3n conjunta que ratifica el inter\u00e9s de priorizar el Paso Las Le\u00f1as dentro del esquema de integraci\u00f3n.","protected":false},"author":3,"featured_media":62823,"comment_status":"open","ping_status":"open","sticky":false,"template":"","format":"standard","meta":[],"categories":[19],"tags":[],"_links":{"self":[{"href":"https:\/\/www.mendoza.gov.ar\/prensa\/wp-json\/wp\/v2\/posts\/62820"}],"collection":[{"href":"https:\/\/www.mendoza.gov.ar\/prensa\/wp-json\/wp\/v2\/posts"}],"about":[{"href":"https:\/\/www.mendoza.gov.ar\/prensa\/wp-json\/wp\/v2\/types\/post"}],"author":[{"embeddable":true,"href":"https:\/\/www.mendoza.gov.ar\/prensa\/wp-json\/wp\/v2\/users\/3"}],"replies":[{"embeddable":true,"href":"https:\/\/www.mendoza.gov.ar\/prensa\/wp-json\/wp\/v2\/comments?post=62820"}],"version-history":[{"count":0,"href":"https:\/\/www.mendoza.gov.ar\/prensa\/wp-json\/wp\/v2\/posts\/62820\/revisions"}],"wp:featuredmedia":[{"embeddable":true,"href":"https:\/\/www.mendoza.gov.ar\/prensa\/wp-json\/wp\/v2\/media\/62823"}],"wp:attachment":[{"href":"https:\/\/www.mendoza.gov.ar\/prensa\/wp-json\/wp\/v2\/media?parent=62820"}],"wp:term":[{"taxonomy":"category","embeddable":true,"href":"https:\/\/www.mendoza.gov.ar\/prensa\/wp-json\/wp\/v2\/categories?post=62820"},{"taxonomy":"post_tag","embeddable":true,"href":"https:\/\/www.mendoza.gov.ar\/prensa\/wp-json\/wp\/v2\/tags?post=62820"}],"curies":[{"name":"wp","href":"https:\/\/api.w.org\/{rel}","templated":true}]}}