{"id":62831,"date":"2016-08-07T09:14:57","date_gmt":"2016-08-07T12:14:57","guid":{"rendered":"http:\/\/prensa.mendoza.gov.ar\/?p=62831"},"modified":"2016-08-07T09:14:57","modified_gmt":"2016-08-07T12:14:57","slug":"atencion-de-personas-en-situacion-de-calle","status":"publish","type":"post","link":"https:\/\/www.mendoza.gov.ar\/prensa\/atencion-de-personas-en-situacion-de-calle\/","title":{"rendered":"Contin\u00faa la atenci\u00f3n de personas en situaci\u00f3n de calle"},"content":{"rendered":"<!DOCTYPE html PUBLIC \"-\/\/W3C\/\/DTD HTML 4.0 Transitional\/\/EN\" \"http:\/\/www.w3.org\/TR\/REC-html40\/loose.dtd\">\n<html><body><p>A trav&eacute;s de las Unidades Sanitarias M&oacute;viles, el Ministerio de Salud, Desarrollo Social y Deportes atiende a personas en situaci&oacute;n de calle, acerc&aacute;ndoles la posibilidad de tener un chequeo integral de su salud.<\/p>\n<p>Unas 80 personas se acercaron al punto de atenci&oacute;n ubicado en las inmediaciones de la parroquia de Nuestra Se&ntilde;ora de la Merced, en calle C&oacute;rdoba y Federico Moreno de Ciudad, donde se les brind&oacute; atenci&oacute;n odontol&oacute;gica, ginecol&oacute;gica-obst&eacute;trica, oftalmol&oacute;gica y nutricional entre otras.<\/p>\n<p>La OSEP estuvo presente junto al equipo del Centro Integral &Oacute;ptico, poniendo a disposici&oacute;n los aparatos y herramientas necesarias para las mediciones de agudeza visual y brindando asesoramiento y recomendaciones a las personas asistidas.<\/p>\n<p>En Mendoza, la iniciativa contin&uacute;a y pr&oacute;ximamente se instalar&aacute; en el departamento de Las Heras, para seguir promocionando la accesibilidad a los sistemas de salud de las personas en situaci&oacute;n de calle, con el prop&oacute;sito de mejorar su calidad de vida.<\/p>\n<\/body><\/html>\n","protected":false},"excerpt":{"rendered":"La OSEP particip\u00f3 junto al Ministerio de Salud, Desarrollo Social y Deportes, la Universidad Nacional de Cuyo\u00a0y el Registro Civil en el segundo operativo de atenci\u00f3n a personas en situaci\u00f3n de calle.","protected":false},"author":3,"featured_media":62840,"comment_status":"open","ping_status":"open","sticky":false,"template":"","format":"standard","meta":[],"categories":[30],"tags":[],"_links":{"self":[{"href":"https:\/\/www.mendoza.gov.ar\/prensa\/wp-json\/wp\/v2\/posts\/62831"}],"collection":[{"href":"https:\/\/www.mendoza.gov.ar\/prensa\/wp-json\/wp\/v2\/posts"}],"about":[{"href":"https:\/\/www.mendoza.gov.ar\/prensa\/wp-json\/wp\/v2\/types\/post"}],"author":[{"embeddable":true,"href":"https:\/\/www.mendoza.gov.ar\/prensa\/wp-json\/wp\/v2\/users\/3"}],"replies":[{"embeddable":true,"href":"https:\/\/www.mendoza.gov.ar\/prensa\/wp-json\/wp\/v2\/comments?post=62831"}],"version-history":[{"count":0,"href":"https:\/\/www.mendoza.gov.ar\/prensa\/wp-json\/wp\/v2\/posts\/62831\/revisions"}],"wp:featuredmedia":[{"embeddable":true,"href":"https:\/\/www.mendoza.gov.ar\/prensa\/wp-json\/wp\/v2\/media\/62840"}],"wp:attachment":[{"href":"https:\/\/www.mendoza.gov.ar\/prensa\/wp-json\/wp\/v2\/media?parent=62831"}],"wp:term":[{"taxonomy":"category","embeddable":true,"href":"https:\/\/www.mendoza.gov.ar\/prensa\/wp-json\/wp\/v2\/categories?post=62831"},{"taxonomy":"post_tag","embeddable":true,"href":"https:\/\/www.mendoza.gov.ar\/prensa\/wp-json\/wp\/v2\/tags?post=62831"}],"curies":[{"name":"wp","href":"https:\/\/api.w.org\/{rel}","templated":true}]}}