{"id":62941,"date":"2016-08-06T13:30:49","date_gmt":"2016-08-06T16:30:49","guid":{"rendered":"http:\/\/prensa.mendoza.gov.ar\/?p=62941"},"modified":"2016-08-06T13:30:49","modified_gmt":"2016-08-06T16:30:49","slug":"advierten-sobre-multas-por-podas-clandestinas","status":"publish","type":"post","link":"https:\/\/www.mendoza.gov.ar\/prensa\/advierten-sobre-multas-por-podas-clandestinas\/","title":{"rendered":"Advierten sobre multas por podas clandestinas"},"content":{"rendered":"<!DOCTYPE html PUBLIC \"-\/\/W3C\/\/DTD HTML 4.0 Transitional\/\/EN\" \"http:\/\/www.w3.org\/TR\/REC-html40\/loose.dtd\">\n<html><body><p>La Direcci&oacute;n de Recursos Naturales Renovables (DRNR), dependiente de la Secretar&iacute;a de Ambiente y Ordenamiento Territorial, informa al p&uacute;blico en&nbsp;general que hasta al 31 de agosto se realiza la campa&ntilde;a de poda anual del arbolado p&uacute;blico en la provincia. Por lo tanto, recuerda a todos los habitantes&nbsp;que no deben realizar erradicaciones o podas de &aacute;rboles de la v&iacute;a p&uacute;blica por cuenta propia o por ofrecimiento de particulares, ya que esto est&aacute; terminantemente prohibido y es susceptible de multas seg&uacute;nla Ley 7874\/08 y la Resoluci&oacute;n N&ordm; 003\/92.<\/p>\n<p>En casos especiales donde el vecino observe que los ejemplares de la v&iacute;a p&uacute;blica est&aacute;n ocasionando problemas en servicios o infraestructura -cableados, veredas, acequias, etc.-, no debe intentar resolverlos por cuenta propia sino recurrir a los organismos responsables directos de la soluci&oacute;n de esos inconvenientes: municipios, Direcci&oacute;n Provincial de Vialidad, Direcci&oacute;n Nacional de Vialidad, Departamento General de&nbsp; Irrigaci&oacute;n, seg&uacute;n la jurisdicci&oacute;n donde est&aacute;n ubicados los &aacute;rboles en cuesti&oacute;n.<\/p>\n<p>Para cualquier consulta, los interesados podr&aacute;n dirigirse a la DRNR, en Boulogne Sur Mer s\/n Parque General San Mart&iacute;n, o llamando a los tel&eacute;fonos&nbsp;261 4252090&nbsp;y&nbsp;4257065 de 8 a 17.<\/p>\n<\/body><\/html>\n","protected":false},"excerpt":{"rendered":"Se recuerda que no se deben realizar erradicaciones o podas de \u00e1rboles de la v\u00eda p\u00fablica por cuenta propia o por ofrecimiento de particulares.","protected":false},"author":3,"featured_media":0,"comment_status":"open","ping_status":"open","sticky":false,"template":"","format":"standard","meta":[],"categories":[3],"tags":[],"_links":{"self":[{"href":"https:\/\/www.mendoza.gov.ar\/prensa\/wp-json\/wp\/v2\/posts\/62941"}],"collection":[{"href":"https:\/\/www.mendoza.gov.ar\/prensa\/wp-json\/wp\/v2\/posts"}],"about":[{"href":"https:\/\/www.mendoza.gov.ar\/prensa\/wp-json\/wp\/v2\/types\/post"}],"author":[{"embeddable":true,"href":"https:\/\/www.mendoza.gov.ar\/prensa\/wp-json\/wp\/v2\/users\/3"}],"replies":[{"embeddable":true,"href":"https:\/\/www.mendoza.gov.ar\/prensa\/wp-json\/wp\/v2\/comments?post=62941"}],"version-history":[{"count":0,"href":"https:\/\/www.mendoza.gov.ar\/prensa\/wp-json\/wp\/v2\/posts\/62941\/revisions"}],"wp:attachment":[{"href":"https:\/\/www.mendoza.gov.ar\/prensa\/wp-json\/wp\/v2\/media?parent=62941"}],"wp:term":[{"taxonomy":"category","embeddable":true,"href":"https:\/\/www.mendoza.gov.ar\/prensa\/wp-json\/wp\/v2\/categories?post=62941"},{"taxonomy":"post_tag","embeddable":true,"href":"https:\/\/www.mendoza.gov.ar\/prensa\/wp-json\/wp\/v2\/tags?post=62941"}],"curies":[{"name":"wp","href":"https:\/\/api.w.org\/{rel}","templated":true}]}}