{"id":62957,"date":"2016-08-06T13:56:40","date_gmt":"2016-08-06T16:56:40","guid":{"rendered":"http:\/\/prensa.mendoza.gov.ar\/?p=62957"},"modified":"2016-08-06T13:56:40","modified_gmt":"2016-08-06T16:56:40","slug":"cornejo-la-seguridad-es-responsabilidad-del-poder-ejecutivo-y-el-judicial","status":"publish","type":"post","link":"https:\/\/www.mendoza.gov.ar\/prensa\/cornejo-la-seguridad-es-responsabilidad-del-poder-ejecutivo-y-el-judicial\/","title":{"rendered":"Cornejo: \u201cLa seguridad es responsabilidad del Poder Ejecutivo y del Judicial\u201d"},"content":{"rendered":"<!DOCTYPE html PUBLIC \"-\/\/W3C\/\/DTD HTML 4.0 Transitional\/\/EN\" \"http:\/\/www.w3.org\/TR\/REC-html40\/loose.dtd\">\n<html><body><p>El Gobernador Alfredo Cornejo present&oacute; a Alejandro Luis Alberto Gull&eacute; como el nuevo procurador de la Corte. Gull&eacute; es un abogado con 36 a&ntilde;os de trayectoria en el poder Judicial, fue relator de la Corte, juez de Instrucci&oacute;n y actualmente se desempe&ntilde;a como camarista, desde hace seis&nbsp;a&ntilde;os, adem&aacute;s de ser titular de la c&aacute;tedra de Introducci&oacute;n al Derecho en la Universidad Nacional de Cuyo y de Derecho Procesal Penal en la Universidad del Aconcagua.<\/p>\n<p>&ldquo;La propuesta de Gull&eacute; responde a la nueva pol&iacute;tica de seguridad en materia de agilizaci&oacute;n de la persecuci&oacute;n del crimen. Para ello estamos trabajando en la modificaci&oacute;n del C&oacute;digo Procesal Penal. Para prevenir el delito necesitamos de una Justicia penal &aacute;gil&rdquo;, dijo Cornejo.<\/p>\n<p>Luego subray&oacute;: &ldquo;El Ministerio P&uacute;blico Fiscal es una pieza clave en el C&oacute;digo Procesal Penal&rdquo;. Asegur&oacute; que se trabaja en la presentaci&oacute;n de una nueva ley de este ministerio. &ldquo;Necesitamos darles agilidad a las instituciones y, junto con las modificaciones que estamos enviando, queremos trabajar en una ley que le d&eacute; poder al nuevo procurador. Para ello vamos a crear el Ministerio P&uacute;blico de la Defensor&iacute;a, para que la acusaci&oacute;n y la defensa est&eacute;n separadas&rdquo;.<\/p>\n<p>Detall&oacute; que &ldquo;hoy en promedio las flagrancias duran m&aacute;s de un a&ntilde;o y ese problema de gesti&oacute;n es lo que estamos tratando de enmendar a los efectos de que se cumplan los plazos. El nuevo concepto es que la seguridad tenga buenos niveles y esto requiere del trabajo conjunto&rdquo;.<\/p>\n<p>El mandatario asegur&oacute; que comparte con Gull&eacute; la misma visi&oacute;n de justicia. &ldquo;El nuevo concepto es que la seguridad tenga buenos niveles y esto requiere del trabajo conjunto del Poder Ejecutivo y del &nbsp;Judicial, en eso trabajamos. Basta de que ante hechos delictivos se echen la culpa entre la Polic&iacute;a y la Justicia. Desde ahora la inseguridad es responsabilidad de ambos. Gull&eacute; es el mejor perfil para perseguir el crimen&rdquo;.<\/p>\n<p>En tanto, el candidato de Cornejo explic&oacute; que pretende &ldquo;eficientizar al m&aacute;ximo el Ministerio P&uacute;blico&rdquo; y anunci&oacute;: &ldquo;Estamos trabajando en un sistema de denuncias por internet para concentrarnos en la persecuci&oacute;n de delitos m&aacute;s complejos. Intentaremos que las denuncias de delitos peque&ntilde;os se realicen por este medio, esto generar&aacute; un salto cualitativo importante para la ciudadan&iacute;a, ya que la v&iacute;ctima no necesitar&aacute; trasladarse hasta la oficina fiscal&rdquo;.<\/p>\n<p>Se&ntilde;al&oacute;: &ldquo;Nuestro inter&eacute;s es concentrarnos en lo penal y en la persecuci&oacute;n del delito. Hay que destacar lo bueno que tiene el Ministerio P&uacute;blico e introducir aquellas mejoras necesarias. Espero estar a la altura de las exigencias&rdquo;. El abogado luego expres&oacute;: &ldquo;Mi propuesta es la especializaci&oacute;n de las unidades fiscales por delito, de esta forma se lograr&aacute; determinar los perfiles criminales, eficientizando la Justicia&rdquo;.<\/p>\n<\/body><\/html>\n","protected":false},"excerpt":{"rendered":"Lo dijo el Gobernador cuando present\u00f3 a Alejandro Luis Alberto Gull\u00e9 como su candidato a procurador de la Corte. Adem\u00e1s, anunci\u00f3 la propuesta de transformaci\u00f3n del Ministerio P\u00fablico Fiscal.","protected":false},"author":3,"featured_media":62958,"comment_status":"open","ping_status":"open","sticky":false,"template":"","format":"standard","meta":[],"categories":[19],"tags":[],"_links":{"self":[{"href":"https:\/\/www.mendoza.gov.ar\/prensa\/wp-json\/wp\/v2\/posts\/62957"}],"collection":[{"href":"https:\/\/www.mendoza.gov.ar\/prensa\/wp-json\/wp\/v2\/posts"}],"about":[{"href":"https:\/\/www.mendoza.gov.ar\/prensa\/wp-json\/wp\/v2\/types\/post"}],"author":[{"embeddable":true,"href":"https:\/\/www.mendoza.gov.ar\/prensa\/wp-json\/wp\/v2\/users\/3"}],"replies":[{"embeddable":true,"href":"https:\/\/www.mendoza.gov.ar\/prensa\/wp-json\/wp\/v2\/comments?post=62957"}],"version-history":[{"count":0,"href":"https:\/\/www.mendoza.gov.ar\/prensa\/wp-json\/wp\/v2\/posts\/62957\/revisions"}],"wp:featuredmedia":[{"embeddable":true,"href":"https:\/\/www.mendoza.gov.ar\/prensa\/wp-json\/wp\/v2\/media\/62958"}],"wp:attachment":[{"href":"https:\/\/www.mendoza.gov.ar\/prensa\/wp-json\/wp\/v2\/media?parent=62957"}],"wp:term":[{"taxonomy":"category","embeddable":true,"href":"https:\/\/www.mendoza.gov.ar\/prensa\/wp-json\/wp\/v2\/categories?post=62957"},{"taxonomy":"post_tag","embeddable":true,"href":"https:\/\/www.mendoza.gov.ar\/prensa\/wp-json\/wp\/v2\/tags?post=62957"}],"curies":[{"name":"wp","href":"https:\/\/api.w.org\/{rel}","templated":true}]}}