{"id":63039,"date":"2016-08-07T23:05:34","date_gmt":"2016-08-08T02:05:34","guid":{"rendered":"http:\/\/prensa.mendoza.gov.ar\/?p=63039"},"modified":"2016-08-07T23:05:34","modified_gmt":"2016-08-08T02:05:34","slug":"ambiente-celebrara-el-dia-internacional-de-las-poblaciones-indigenas","status":"publish","type":"post","link":"https:\/\/www.mendoza.gov.ar\/prensa\/ambiente-celebrara-el-dia-internacional-de-las-poblaciones-indigenas\/","title":{"rendered":"Ambiente celebrar\u00e1 el D\u00eda Internacional de las Poblaciones Ind\u00edgenas"},"content":{"rendered":"<!DOCTYPE html PUBLIC \"-\/\/W3C\/\/DTD HTML 4.0 Transitional\/\/EN\" \"http:\/\/www.w3.org\/TR\/REC-html40\/loose.dtd\">\n<html><body><p>El 23 de diciembre de 1994, la Asamblea General de las Naciones Unidas instituy&oacute; la celebraci&oacute;n del D&iacute;a Internacional de las Poblaciones Ind&iacute;genas el 9 de agosto, en conmemoraci&oacute;n del d&iacute;a en que el Grupo de Trabajo sobre Poblaciones Ind&iacute;genas de la Subcomisi&oacute;n de Prevenci&oacute;n de Discriminaciones y Protecci&oacute;n a las Minor&iacute;as celebr&oacute; su primera reuni&oacute;n, en 1982.<\/p>\n<p>La Asamblea General, en su resoluci&oacute;n, proclam&oacute; a 1993 A&ntilde;o Internacional de las Poblaciones Ind&iacute;genas del Mundo, y el primer Decenio Internacional de las Poblaciones Ind&iacute;genas del Mundo, que comenz&oacute; el 10 de diciembre de 1994. La decisi&oacute;n apunt&oacute; a fortalecer la cooperaci&oacute;n internacional para la soluci&oacute;n de los problemas con que se enfrentan las comunidades ind&iacute;genas en materia de derechos humanos, protecci&oacute;n del medio ambiente, desarrollo, educaci&oacute;n y salud, entre otros.<\/p>\n<p>Al respecto, el secretario de Ambiente y Ordenamiento Territorial, Humberto Mingorance, se&ntilde;al&oacute; que si bien &ldquo;los pueblos originarios en el mundo est&aacute;n constituidos por 370 millones de personas, aproximadamente m&aacute;s del 5% de la poblaci&oacute;n mundial, sin embargo, se encuentran entre las poblaciones m&aacute;s desfavorecidas y vulnerables.&rdquo;<\/p>\n<p>Para Mingorance, esta celebraci&oacute;n guarda una estrecha relaci&oacute;n con el Mes de la Madre Tierra que se festeja en agosto. &ldquo;Junto con representantes de los pueblos originarios de nuestra provincia, hemos elaborado un programa de actividades para conmemorar esta fecha&rdquo;, anunci&oacute; el funcionario<\/p>\n<p>El martes 9 de agosto, a las 16, en la Sala Azul de la Nave Universitaria, funcionarios provinciales y representantes de los pueblos originarios expondr&aacute;n sobre derecho a la naturaleza, buen vivir y educaci&oacute;n intercultural biling&uuml;e.<\/p>\n<p>Sobre&nbsp;derecho a la naturaleza expondr&aacute; Silvia S&aacute;nchez, <em>onta&nbsp;<\/em>(cacique) de la comunidad huarpe Eye Curuc. El profesor Rub&eacute;n Herrera, representante del Consejo de Educaci&oacute;n Nacional Intercultural Biling&uuml;e y del Centro de Estudios Kuntur, disertar&aacute; sobre educaci&oacute;n intercultural biling&uuml;e,&nbsp;y Liliana Herrera, <em>onta&nbsp;<\/em>de la comunidad huarpe Guaytamari y vicepresidenta de Organizaci&oacute;n de Naciones y Pueblos Ind&iacute;genas en Argentina&nbsp;(ONPIA), tratar&aacute; la tem&aacute;tica del buen vivir.<\/p>\n<p>Seg&uacute;n la Agenda de las Naciones Unidas, este a&ntilde;o, el D&iacute;a Internacional de los Pueblos Ind&iacute;genas, est&aacute; dedicado al derecho a la educaci&oacute;n.<\/p>\n<p><strong>El derecho de los pueblos ind&iacute;genas a la educaci&oacute;n <\/strong><\/p>\n<p>El derecho de los pueblos ind&iacute;genas a la educaci&oacute;n est&aacute; protegido por la Declaraci&oacute;n de las Naciones Unidas sobre los Derechos de los Pueblos Ind&iacute;genas, que en su art&iacute;culo 14 dispone: &laquo;Los pueblos ind&iacute;genas tienen derecho a establecer y controlar sus sistemas e instituciones docentes que impartan educaci&oacute;n en sus propios idiomas, en consonancia con sus m&eacute;todos culturales de ense&ntilde;anza y aprendizaje&raquo;.<\/p>\n<p>El derecho de los pueblos ind&iacute;genas a la educaci&oacute;n tambi&eacute;n est&aacute; protegido por otros instrumentos internacionales de derechos humanos, como la Declaraci&oacute;n Universal de Derechos Humanos.<\/p>\n<p>El Objetivo 4 de la Agenda 2030 para el Desarrollo Sostenible insta a asegurar el acceso igualitario a todos los niveles de la ense&ntilde;anza y la formaci&oacute;n profesional para las personas vulnerables, incluidas las personas con discapacidad, los pueblos ind&iacute;genas y los ni&ntilde;os en situaciones de vulnerabilidad.<\/p>\n<p>A pesar de lo dispuesto en estos instrumentos, la mayor&iacute;a de los pueblos ind&iacute;genas no pueden ejercer plenamente el derecho a la educaci&oacute;n, y existen graves disparidades en materia de educaci&oacute;n entre los pueblos ind&iacute;genas y la poblaci&oacute;n en general.<\/p>\n<p>Muchas regiones del mundo carecen de datos desglosados que podr&iacute;an revelar la situaci&oacute;n exacta de discriminaci&oacute;n y marginaci&oacute;n de los pueblos ind&iacute;genas. Sin embargo, cuando s&iacute; hay datos, estos reflejan la existencia de graves y persistentes disparidades entre las poblaciones ind&iacute;gena y no ind&iacute;gena en t&eacute;rminos de acceso a la educaci&oacute;n, permanencia y logros acad&eacute;micos, en todas las regiones del mundo.<\/p>\n<p>El sector de la educaci&oacute;n es un &aacute;mbito especial que no s&oacute;lo refleja y condensa los abusos, la discriminaci&oacute;n y la marginaci&oacute;n que tradicionalmente han sufrido los pueblos ind&iacute;genas, sino tambi&eacute;n su constante lucha por la igualdad y el respeto de sus derechos como pueblos y como personas.<\/p>\n<\/body><\/html>\n","protected":false},"excerpt":{"rendered":"Ser\u00e1 el pr\u00f3ximo martes 9 de agosto, a las 16, en la Sala Azul de la Nave Universitaria. Expondr\u00e1n funcionarios provinciales, colegios y representantes de los pueblos originarios.","protected":false},"author":3,"featured_media":0,"comment_status":"open","ping_status":"open","sticky":false,"template":"","format":"standard","meta":[],"categories":[3],"tags":[],"_links":{"self":[{"href":"https:\/\/www.mendoza.gov.ar\/prensa\/wp-json\/wp\/v2\/posts\/63039"}],"collection":[{"href":"https:\/\/www.mendoza.gov.ar\/prensa\/wp-json\/wp\/v2\/posts"}],"about":[{"href":"https:\/\/www.mendoza.gov.ar\/prensa\/wp-json\/wp\/v2\/types\/post"}],"author":[{"embeddable":true,"href":"https:\/\/www.mendoza.gov.ar\/prensa\/wp-json\/wp\/v2\/users\/3"}],"replies":[{"embeddable":true,"href":"https:\/\/www.mendoza.gov.ar\/prensa\/wp-json\/wp\/v2\/comments?post=63039"}],"version-history":[{"count":0,"href":"https:\/\/www.mendoza.gov.ar\/prensa\/wp-json\/wp\/v2\/posts\/63039\/revisions"}],"wp:attachment":[{"href":"https:\/\/www.mendoza.gov.ar\/prensa\/wp-json\/wp\/v2\/media?parent=63039"}],"wp:term":[{"taxonomy":"category","embeddable":true,"href":"https:\/\/www.mendoza.gov.ar\/prensa\/wp-json\/wp\/v2\/categories?post=63039"},{"taxonomy":"post_tag","embeddable":true,"href":"https:\/\/www.mendoza.gov.ar\/prensa\/wp-json\/wp\/v2\/tags?post=63039"}],"curies":[{"name":"wp","href":"https:\/\/api.w.org\/{rel}","templated":true}]}}