{"id":63130,"date":"2016-08-09T19:55:44","date_gmt":"2016-08-09T22:55:44","guid":{"rendered":"http:\/\/prensa.mendoza.gov.ar\/?p=63130"},"modified":"2016-08-09T19:55:44","modified_gmt":"2016-08-09T22:55:44","slug":"el-gobierno-avanza-con-portezuelo-del-viento","status":"publish","type":"post","link":"https:\/\/www.mendoza.gov.ar\/prensa\/el-gobierno-avanza-con-portezuelo-del-viento\/","title":{"rendered":"El Gobierno avanza con Portezuelo del Viento"},"content":{"rendered":"<!DOCTYPE html PUBLIC \"-\/\/W3C\/\/DTD HTML 4.0 Transitional\/\/EN\" \"http:\/\/www.w3.org\/TR\/REC-html40\/loose.dtd\">\n<html><body><p>En una recorrida por la zona donde se proyecta la Central Hidroel&eacute;ctrica Portezuelo del Viento, el Gobernador Alfredo Cornejo, junto al subsecretario de Recursos H&iacute;dricos de la Naci&oacute;n, Pablo Bereciartua; al ministro de Econom&iacute;a, Infraestructura y Econom&iacute;a, Enrique Vaqui&eacute;, y al subsecretario de Energ&iacute;a y Miner&iacute;a,&nbsp;Emilio Gui&ntilde;az&uacute; Fader, anunci&oacute; que &ldquo;en 60 d&iacute;as estar&aacute; listo el proyecto para la b&uacute;squeda de financiamiento del gasoducto el Port&oacute;n Malarg&uuml;e, que traer&aacute; gas al departamento y mayor trabajo a sus pobladores&rdquo;. Mientras que Vaqui&eacute; aclar&oacute;: &ldquo;Mendoza est&aacute; dispuesta a poner el dinero para que esa obra se realice&rdquo;.<\/p>\n<p>En cuanto a Portezuelo del Viento, el Gobernador indic&oacute; que &ldquo;el proyecto est&aacute; bastante avanzado, faltan definir algunos detalles aunque vamos a guiarnos con lo que se firm&oacute; en su momento entre el Gobierno nacional y provincial, durante la presidencia de N&eacute;stor Kirchner y el gobernador Cobos. S&oacute;lo estamos haciendo algunas modificaciones, una de ellas es que la licite el Gobierno nacional&rdquo;.<\/p>\n<p>Bereciartua explic&oacute;: &ldquo;La propuesta est&aacute; en concordancia con &nbsp;las expectativas de aumentar la energ&iacute;a y la inversi&oacute;n que tiene el Gobierno nacional&rdquo;. El proyecto se enmarca en&nbsp;el Plan Nacional del Agua, detall&oacute; el funcionario, y mencion&oacute; cuatro&nbsp;ejes de relevancia en los que trabaja la Naci&oacute;n. &ldquo;El primer eje es agua y saneamiento: el Presidente quiere que la Argentina tenga un 100% &nbsp;de agua potable y saneamiento, hoy Argentina tiene 80% de agua potable y 50% de saneamiento, esto es un indicador muy pobre. El segundo eje, muy importante para Mendoza, consiste en adaptar el territorio al clima, es decir generar obras, inversiones y tecnolog&iacute;a para poder lidiar con el clima. El tercer eje que es generar inversiones en infraestructura para hacer crecer la frontera de riego, que era agr&iacute;cola, y por el &uacute;ltimo la realizaci&oacute;n de obras multiprop&oacute;sito como Portezuelo&rdquo;.<\/p>\n<p>Cornejo puntualiz&oacute; adem&aacute;s: &ldquo;Hemos avanzado junto al Gobierno nacional mucho m&aacute;s de lo que se ha avanzado en los &uacute;ltimos a&ntilde;os. Se viene hablando de esta obra desde la d&eacute;cada del 70,&nbsp;as&iacute; que si podemos lograrlo, ser&iacute;a un gran beneficio. Estamos muy cerca de ello. Necesitamos inversiones, ser&iacute;a de gran utilidad para la creaci&oacute;n de empleo, adem&aacute;s de los beneficios que tiene para irrigar y sumar hect&aacute;reas a nuestra zona irrigada&rdquo;.<\/p>\n<p>Gui&ntilde;az&uacute; subray&oacute;: &ldquo;Este proyecto va a beneficiar al pa&iacute;s, por la cantidad de energ&iacute;a que le hace falta, a Malarg&uuml;e, por la cantidad de trabajo que va a generar, y adem&aacute;s vamos a hacer las cosas bien para que ellos tambi&eacute;n sean parte beneficiaria de este proyecto, que le va a mejorar indudablemente la vida a la gente del pueblo. Vamos a trabajar con todos los especialistas necesarios para tener en cuenta lo que ellos necesitan&rdquo;.<\/p>\n<p><strong>Portezuelo del Viento<\/strong><\/p>\n<p><a href=\"https:\/\/www.mendoza.gov.ar\/prensa\/wp-content\/uploads\/sites\/23\/DSC_62701.jpg\"><img loading=\"lazy\" class=\"alignnone wp-image-63252 img-responsive center-block\" src=\"https:\/\/www.mendoza.gov.ar\/prensa\/wp-content\/uploads\/sites\/23\/DSC_62701.jpg\" alt=\"\" width=\"650\" height=\"431\"><\/a><\/p>\n<p>Es un&nbsp;proyecto para una&nbsp;central hidroel&eacute;ctrica&nbsp;que se construir&aacute; sobre el r&iacute;o Grande, en el departamento de Malarg&uuml;e. Esta obra surgi&oacute; en 2009 y se ha previsto como el componente m&aacute;s importante de un complejo formado por cinco centrales que se instalar&iacute;an sobre ese r&iacute;o.<\/p>\n<p>El Gobierno de Mendoza ha trabajado&nbsp;en diversos aspectos de Portezuelo del Viento. En marzo de este a&ntilde;o, Alfredo Cornejo firm&oacute; un convenio con Ebisa (Emprendimientos Energ&eacute;ticos Binacionales Sociedad An&oacute;nima), que tiene&nbsp;a cargo la comercializaci&oacute;n de la energ&iacute;a el&eacute;ctrica proveniente de los aprovechamientos binacionales e interconexiones internacionales en los que el Estado nacional es responsable. La empresa,&nbsp;a su vez, contiene a los mejores ingenieros en generaci&oacute;n de energ&iacute;a hidroel&eacute;ctrica del pa&iacute;s y fue el ente encargado de supervisar la construcci&oacute;n de la represa de&nbsp;Yacyret&aacute; en Corrientes.<\/p>\n<p>El personal de Ebisa&nbsp;ha trabajado en el proyecto de Portezuelo del Viento para saber&nbsp;si se deben actualizar algunos aspectos, y la evaluaci&oacute;n&nbsp;de los ingenieros ha sido positiva.En la actualidad, s&oacute;lo resta&nbsp;hacer la licitaci&oacute;n, pero para ello hay que contemplar el aspecto legal, el impacto ambiental y las cuestiones vinculadas a lo social y a los servicios de los pobladores de la localidad de Las Loicas. Esto es siendo analizado por personal de la Naci&oacute;n y la Provincia.<\/p>\n<p><strong>Pasos futuros para el avance del proyecto<\/strong><\/p>\n<p>En primer lugar, se debe concluir el proyecto ejecutivo de Portezuelo del Viento para poder licitarlo. Luego, confeccionar&nbsp;los pliegos de la licitaci&oacute;n, que incluyen el impacto ambiental, y finalmente llamar a licitaci&oacute;n p&uacute;blica, para que se adjudique la obra y se estimen los plazos de construcci&oacute;n y puesta en funcionamiento.<\/p>\n<p><strong>Otras obras que se est&aacute;n realizando para&nbsp;Malarg&uuml;e<\/strong><\/p>\n<p>Durante la conferencia de prensa, Cornejo dio detalles sobre los avances en la Ruta 188 que lograr&aacute; unir General Alvear con Malarg&uuml;e: &ldquo;Nosotros debemos terminar la primera etapa, que ten&iacute;a un problema contractual, pero estamos preparando el proyecto para la segunda etapa, que son 11 kil&oacute;metros m&aacute;s. Esto va en buen camino y a su vez hicimos trabajos con vialidad provincial con m&aacute;quinas especiales que nos prest&oacute; San Luis, estamos avanzando bastante y no est&aacute; abandonado&rdquo;.<\/p>\n<p>Adem&aacute;s aclar&oacute; que &ldquo;aquellas obras que tengan proyectos avanzar&aacute;n m&aacute;s r&aacute;pido en ejecuci&oacute;n y financiaci&oacute;n. Hay muchas ideas y pocos proyectos. Antes el Gobierno nacional trabajaba con proyectos de empresas, por eso el banco de proyectos que tiene Vialidad Nacional es muy pobre. Nuestra gesti&oacute;n primero hace el proyecto y luego busca financiamiento. No debemos licitarlo antes, es nuestra forma de trabajo&rdquo;.<\/p>\n<p>Vaqui&eacute; coment&oacute; que &ldquo;para el Paso Las Le&ntilde;as tenemos que haber hecho la Ruta 188, por ello estamos trabajando en los proyectos para avanzar en esto y lo anunciaremos cuando sea seguro&rdquo;.<\/p>\n<p>Adem&aacute;s, el Gobernador coment&oacute; que restan muy pocos metros para finalizar las obras del Paso Pehuenche: &ldquo;Estamos trabajando con Canciller&iacute;a para que se autorice a Chile a hacer los tr&aacute;mites argentinos del lado chileno, con un protocolo de entendimiento de ambos pa&iacute;ses que a&uacute;n no est&aacute; firmado pero lo estamos apurando para que se hagan los tr&aacute;mites de aquel lado, donde se tiene mejor infraestructura, preferimos pasos cortos y concretos&rdquo;.<\/p>\n<\/body><\/html>\n","protected":false},"excerpt":{"rendered":"El Gobernador, junto al ministro de Econom\u00eda, Infraestructura y Econom\u00eda y al subsecretario de Recursos H\u00eddricos de la Naci\u00f3n, recorri\u00f3 el lugar donde se realizar\u00e1 la obra. Anunci\u00f3 que en 60 d\u00edas estar\u00e1 listo el proyecto para buscar la financiaci\u00f3n del gasoducto Port\u00f3n Malarg\u00fce.","protected":false},"author":3,"featured_media":63254,"comment_status":"open","ping_status":"open","sticky":false,"template":"","format":"standard","meta":[],"categories":[19],"tags":[],"_links":{"self":[{"href":"https:\/\/www.mendoza.gov.ar\/prensa\/wp-json\/wp\/v2\/posts\/63130"}],"collection":[{"href":"https:\/\/www.mendoza.gov.ar\/prensa\/wp-json\/wp\/v2\/posts"}],"about":[{"href":"https:\/\/www.mendoza.gov.ar\/prensa\/wp-json\/wp\/v2\/types\/post"}],"author":[{"embeddable":true,"href":"https:\/\/www.mendoza.gov.ar\/prensa\/wp-json\/wp\/v2\/users\/3"}],"replies":[{"embeddable":true,"href":"https:\/\/www.mendoza.gov.ar\/prensa\/wp-json\/wp\/v2\/comments?post=63130"}],"version-history":[{"count":0,"href":"https:\/\/www.mendoza.gov.ar\/prensa\/wp-json\/wp\/v2\/posts\/63130\/revisions"}],"wp:featuredmedia":[{"embeddable":true,"href":"https:\/\/www.mendoza.gov.ar\/prensa\/wp-json\/wp\/v2\/media\/63254"}],"wp:attachment":[{"href":"https:\/\/www.mendoza.gov.ar\/prensa\/wp-json\/wp\/v2\/media?parent=63130"}],"wp:term":[{"taxonomy":"category","embeddable":true,"href":"https:\/\/www.mendoza.gov.ar\/prensa\/wp-json\/wp\/v2\/categories?post=63130"},{"taxonomy":"post_tag","embeddable":true,"href":"https:\/\/www.mendoza.gov.ar\/prensa\/wp-json\/wp\/v2\/tags?post=63130"}],"curies":[{"name":"wp","href":"https:\/\/api.w.org\/{rel}","templated":true}]}}