{"id":63285,"date":"2016-08-10T12:50:42","date_gmt":"2016-08-10T15:50:42","guid":{"rendered":"http:\/\/prensa.mendoza.gov.ar\/?p=63285"},"modified":"2016-08-10T12:50:42","modified_gmt":"2016-08-10T15:50:42","slug":"ambiente-celebro-el-dia-de-los-pueblos-indigenas","status":"publish","type":"post","link":"https:\/\/www.mendoza.gov.ar\/prensa\/ambiente-celebro-el-dia-de-los-pueblos-indigenas\/","title":{"rendered":"Ambiente celebr\u00f3 el d\u00eda de los pueblos ind\u00edgenas"},"content":{"rendered":"<!DOCTYPE html PUBLIC \"-\/\/W3C\/\/DTD HTML 4.0 Transitional\/\/EN\" \"http:\/\/www.w3.org\/TR\/REC-html40\/loose.dtd\">\n<html><body><p>En el marco del D&iacute;a Internacional de las Poblaciones Ind&iacute;genas y del mes de la Pecn&eacute; Tao (Madre Tierra), Claudia Herrera, <em>onta&nbsp;<\/em>de la Comunidad Huarpe Guaytamari y vicepresidenta de la Organizaci&oacute;n de Naciones y Pueblos Ind&iacute;genas en Argentina&nbsp;(ONPIA), en nombre de los pueblos originarios&nbsp;entreg&oacute;&nbsp;al secretario de Ambiente y Ordenamiento Territorial, &nbsp;Humberto Mingorance, un petitorio para cambiar el nombre del Parque Aborigen ubicado en el Parque General&nbsp;San Mart&iacute;n.<\/p>\n<p>&ldquo;Los pueblos originarios somos sujetos de derecho y esta peque&ntilde;a acci&oacute;n es un paso m&aacute;s para el reconocimiento social de nuestros derechos&rdquo;. &ldquo;La Pecn&eacute;&nbsp;Tao (Madre Tierra) tiene derechos al igual que el hombre y hay que respetarlos por el bien de todos&rdquo;, declar&oacute; Claudia Herrera.<\/p>\n<p>El titular de la cartera de Ambiente mencion&oacute; la gran importancia que tiene volver a las fuentes y recalc&oacute;: &ldquo;Frente a las repercusiones que se est&aacute;n manifestando por el cambio clim&aacute;tico, necesitamos volver a valorizar e instaurar el respeto por la Madre Tierra, saber y cosmovisi&oacute;n tan presentes en los antiguos pueblos de nuestras tierras&rdquo;.<\/p>\n<p>Rub&eacute;n Herrera, representante del Consejo de Educaci&oacute;n Nacional Intercultural Biling&uuml;e y del Centro de Estudios Kuntur, en&nbsp;su exposici&oacute;n sobre &ldquo;Educaci&oacute;n&nbsp;intercultural biling&uuml;e&rdquo; remarc&oacute; que la interculturalidad representa las consecuencias de un impacto entre los aportes de las distintas culturas. &ldquo;En la cosmovisi&oacute;n de los pueblos originarios, la educaci&oacute;n ambiental es un instrumento de gesti&oacute;n, un proceso permanente de car&aacute;cter interdisciplinario destinado a la formaci&oacute;n de una ciudadan&iacute;a&rdquo;.<\/p>\n<p>Durante la conferencia, representantes de los pueblos originarios expusieron sobre derecho a la naturaleza, buen vivir y educaci&oacute;n intercultural biling&uuml;e.<\/p>\n<p>El encuentro se concret&oacute; en la Sala Azul de la Nave Universitaria. El&nbsp;petitorio formal solicita cambiar el nombre del Parque Aborigen por el de Pueblo Originarios.<\/p>\n<p><strong>D&iacute;a Internacional de las Poblaciones Ind&iacute;genas<\/strong><\/p>\n<p>El 23 de diciembre de 1994, la Asamblea General de las Naciones Unidas decidi&oacute; que se celebre cada a&ntilde;o el D&iacute;a Internacional de las Poblaciones Ind&iacute;genas el 9 de agosto, conmemorando el d&iacute;a en que el Grupo de Trabajo sobre Poblaciones Ind&iacute;genas de la Subcomisi&oacute;n de Prevenci&oacute;n de Discriminaciones y Protecci&oacute;n a las Minor&iacute;as celebr&oacute; su primera reuni&oacute;n, en 1982.<\/p>\n<p>La Asamblea General, en su resoluci&oacute;n, proclam&oacute; 1993 A&ntilde;o Internacional de las Poblaciones Ind&iacute;genas del Mundo y el primer Decenio Internacional de las Poblaciones Ind&iacute;genas del Mundo, que comenz&oacute; el 10 de diciembre de 1994. Fue proclamado por la asamblea con el fin de&nbsp;fortalecer la cooperaci&oacute;n internacional para la soluci&oacute;n de los problemas de&nbsp;las comunidades ind&iacute;genas en esferas como los derechos humanos, el medio ambiente, el desarrollo, la educaci&oacute;n y la salud.<\/p>\n<\/body><\/html>\n","protected":false},"excerpt":{"rendered":"Representantes de los pueblos originarios le entregaron al secretario de Ambiente un petitorio formal para cambiar el nombre del Parque Aborigen por el de Pueblo Originarios.","protected":false},"author":3,"featured_media":63286,"comment_status":"open","ping_status":"open","sticky":false,"template":"","format":"standard","meta":[],"categories":[3],"tags":[],"_links":{"self":[{"href":"https:\/\/www.mendoza.gov.ar\/prensa\/wp-json\/wp\/v2\/posts\/63285"}],"collection":[{"href":"https:\/\/www.mendoza.gov.ar\/prensa\/wp-json\/wp\/v2\/posts"}],"about":[{"href":"https:\/\/www.mendoza.gov.ar\/prensa\/wp-json\/wp\/v2\/types\/post"}],"author":[{"embeddable":true,"href":"https:\/\/www.mendoza.gov.ar\/prensa\/wp-json\/wp\/v2\/users\/3"}],"replies":[{"embeddable":true,"href":"https:\/\/www.mendoza.gov.ar\/prensa\/wp-json\/wp\/v2\/comments?post=63285"}],"version-history":[{"count":0,"href":"https:\/\/www.mendoza.gov.ar\/prensa\/wp-json\/wp\/v2\/posts\/63285\/revisions"}],"wp:featuredmedia":[{"embeddable":true,"href":"https:\/\/www.mendoza.gov.ar\/prensa\/wp-json\/wp\/v2\/media\/63286"}],"wp:attachment":[{"href":"https:\/\/www.mendoza.gov.ar\/prensa\/wp-json\/wp\/v2\/media?parent=63285"}],"wp:term":[{"taxonomy":"category","embeddable":true,"href":"https:\/\/www.mendoza.gov.ar\/prensa\/wp-json\/wp\/v2\/categories?post=63285"},{"taxonomy":"post_tag","embeddable":true,"href":"https:\/\/www.mendoza.gov.ar\/prensa\/wp-json\/wp\/v2\/tags?post=63285"}],"curies":[{"name":"wp","href":"https:\/\/api.w.org\/{rel}","templated":true}]}}