{"id":63343,"date":"2016-08-10T20:39:17","date_gmt":"2016-08-10T23:39:17","guid":{"rendered":"http:\/\/prensa.mendoza.gov.ar\/?p=63343"},"modified":"2016-08-10T20:39:17","modified_gmt":"2016-08-10T23:39:17","slug":"mendoza-y-chile-trabajan-en-un-proyecto-de-integracion-productiva","status":"publish","type":"post","link":"https:\/\/www.mendoza.gov.ar\/prensa\/mendoza-y-chile-trabajan-en-un-proyecto-de-integracion-productiva\/","title":{"rendered":"Mendoza y Chile trabajan en un proyecto de integraci\u00f3n productiva"},"content":{"rendered":"<!DOCTYPE html PUBLIC \"-\/\/W3C\/\/DTD HTML 4.0 Transitional\/\/EN\" \"http:\/\/www.w3.org\/TR\/REC-html40\/loose.dtd\">\n<html><body><p>Este jueves se realizar&aacute; en Mendoza&nbsp;una rueda de comercio e integraci&oacute;n productiva donde participar&aacute;n exportadores e importadores chilenos y argentinos. El fin de la jornada es trabajar en un proyecto que permita&nbsp;llegar a terceros mercados a trav&eacute;s de los tratados de libre comercio que Chile mantiene con otros pa&iacute;ses. Esta es la primera vez que el pa&iacute;s vecino elige a Mendoza como destino de una&nbsp;Ronda de Negocio Multisectorial Bilateral.<\/p>\n<p>El Gobernador Alfredo Cornejo&nbsp;junto al presidente de ProMendoza, Gabriel Fidel, y al embajador de Chile en Argentina, Jos&eacute; Antonio Viera Gallo, y al director de Relaciones Econ&oacute;micas Internacionales de la Canciller&iacute;a, Andr&eacute;s Rebolledo, dieron detalles de los beneficios que traer&aacute; aparejado el desarrollo del proyecto llamado &ldquo;Encadenamiento Productivo&rdquo;. &nbsp;El acuerdo incrementar&aacute;&nbsp;las exportaciones mendocinas como as&iacute; tambi&eacute;n las inversiones en la provincia.<\/p>\n<p>El mandatario detall&oacute; que &ldquo;la rueda de trabajo que se realizar&aacute; en Mendoza se basar&aacute; en un concepto distinto, que es el de intentar asociarse para conquistar nuevos mercados, asociarse no s&oacute;lo en el comercio sino tambi&eacute;n en la inversi&oacute;n. Se reunir&aacute;n 50 empresarios chilenos&nbsp;y 50&nbsp;empresarios argentinos. Van a trabajar en Mendoza, y tambi&eacute;n visitar&aacute;n a empresarios y funcionarios de provincias &nbsp;vecinas relacionados con el comercio exterior y las inversiones de San Juan, San Luis e, incluso, una delegaci&oacute;n cordobesa de ProC&oacute;rdoba&rdquo;.<\/p>\n<p>&ldquo;Hoy, tanto Chile como Mendoza se ven como mercados posibles por la cercan&iacute;a, lo que favorece el intercambio comercial&nbsp;entre ambas regiones. Por ello, el acuerdo buscar&aacute; promover la integraci&oacute;n productiva entre Argentina y Chile mediante el fomento de cadenas de valor binacionales con proyecci&oacute;n exportadora hacia mercados de la cuenca del Pac&iacute;fico&rdquo;, destac&oacute; Cornejo.<\/p>\n<p>El embajador chileno resalt&oacute; la importancia de este tipo de encuentros comerciales: &ldquo;No es una rueda de negocios tradicional, en consecuencia, nosotros desde ProChile y desde la Canciller&iacute;a no hemos tra&iacute;do solamente exportadores sino que tambi&eacute;n en esta oportunidad hemos tra&iacute;do compradores y varios de los exportadores tienen incluso ese doble rol&rdquo;.<\/p>\n<p>Adem&aacute;s, agreg&oacute;: &ldquo;Nosotros tenemos una red comercial muy profusa, tenemos 24 acuerdos comerciales&nbsp;con 65 pa&iacute;ses que nos vinculan con el 95% del PBI mundo, la mayor&iacute;a, con los pa&iacute;ses asi&aacute;ticos. Esa es una experiencia que querr&iacute;amos compartir y poner a disposici&oacute;n en el trabajo conjunto con exportadores, productores e inversionistas argentinos&rdquo;.<\/p>\n<p><strong>Programa de Encadenamiento Productivo<\/strong><\/p>\n<p>El concepto de&nbsp;&ldquo;encadenamientos productivos&rdquo; se refiere espec&iacute;ficamente al caso de que una empresa argentina inicia el proceso productivo de un bien final exportable y, luego, una empresa chilena retoma el proceso de fabricaci&oacute;n para agregar valor en Chile.<\/p>\n<p>En la actualidad, ProMendoza y ls Fundaci&oacute;n IDEAL coordinan un grupo exportador con 33 empresas de Mendoza (que cuentan con m&aacute;s de 700 empleados), quienes representan a nueve&nbsp;sectores econ&oacute;micos y m&aacute;s de 120 productos ofrecidos (posiciones arancelarias).<\/p>\n<p>El fin del grupo exportador conformado es realizar una b&uacute;squeda activa de potenciales empresas chilenas con las cuales se puedan enlazar procesos productivos con proyecci&oacute;n exportadora.<\/p>\n<p>Gabriel Fidel destac&oacute; los objetivos de trabajo conjunto: &ldquo;Lo que estamos haciendo hace un tiempo junto con ProChile es trabajar en la integraci&oacute;n de empresas mendocinas y chilenas en distintos rubros que van desde lo industrial hasta la metalmec&aacute;nica, las TyC de base tecnol&oacute;gica, y lo que estamos haciendo es la integraci&oacute;n de nuestras empresas para buscar terceros mercados. Porque no es ni ser s&oacute;lo proveedores ni ser s&oacute;lo comercial, lo que vamos a armar es una nueva figura que salga a conquistar negocios el mundo. Para nosotros es muy importante porque hemos comenzado por aqu&iacute; y lo integramos a la &ldquo;macro-rueda&rdquo; de ma&ntilde;ana, en la cual, como ustedes saben, el Gobierno de Mendoza ha estado muy activo con ProMendoza como herramienta en tratar de acercarnos a los pa&iacute;ses como Chile&rdquo;.<\/p>\n<p>Por su lado, la Direcon y ProChile analizaron el grupo exportador de Mendoza con el fin de priorizar sectores y empresas&nbsp;&nbsp;con mayor potencial de integraci&oacute;n, y promover instancias de di&aacute;logo entre empresas argentinas y empresas chilenas.<\/p>\n<p>En las mesas de trabajo de ma&ntilde;ana se trabajar&aacute; en la factibilidad t&eacute;cnica (normas de origen) y econ&oacute;mica (posicionamiento competitivo) que permitir&aacute;&nbsp;retroalimentar el Programa de Encadenamientos, y fomentar a futuro la participaci&oacute;n de empresas involucradas en las cadenas de valor con mayor potencial de inserci&oacute;n internacional.<\/p>\n<p><strong>Rueda de comercio e integraci&oacute;n<\/strong><\/p>\n<p>Se trata de una Ronda de Negocio Multisectorial bilateral, donde ambos pa&iacute;ses compran y venden. El evento es organizado por ProMendoza y ProChile, y participar&aacute;n alrededor de 70 empresas.<\/p>\n<p>Chile tiene como pol&iacute;tica en sus rondas comerciales,&nbsp;a partir de su incorporaci&oacute;n a la Alianza del Pac&iacute;fico, dise&ntilde;ar macro-ruedas de integraci&oacute;n productiva, especialmente destinadas a pymes. Para conformar&nbsp;su primera macro-rueda con Argentina, Chile eligi&oacute; Mendoza, y la contraparte de ProChile ser&aacute; ProMendoza.<\/p>\n<p>Al mismo tiempo, habr&aacute;&nbsp;una agenda paralela, en base al Proyecto de Encadenamiento Productivo que llevan adelante ProChile, Sofofa, ProMendoza&nbsp;y la&nbsp;Fundaci&oacute;n IDEAL. En este contexto, tanto la Fundaci&oacute;n IDEAL&nbsp;como Sofofa se encuentran avanzando en el estudio de las cadenas de valor&nbsp;y&nbsp;los costos de las empresas, entre otros aspectos&nbsp;que ser&aacute;n prioritarios para concretar encadenamientos.<\/p>\n<p>Rebolledo puntualiz&oacute;: &ldquo;La idea es concebir proyectos para poder salir principalmente al mercado asi&aacute;tico, donde Chile tiene construida una red comercial con acuerdos de libre comercio y, por lo tanto, contamos con ventajas comparativas y rebajas arancelarias donde podemos entrar de manera mucho m&aacute;s expeditiva. Estamos concibiendo una modalidad distinta donde el negocio finalmente sea colectivo, conjunto, y el comercio fluya en ambos sentidos&rdquo;.<\/p>\n<\/body><\/html>\n","protected":false},"excerpt":{"rendered":"Lo anunci\u00f3 el Gobernador Alfredo Cornejo en conferencia de prensa junto al embajador de Chile, Jos\u00e9 Antonio Viera Gallo; el director de Relaciones Econ\u00f3micas Internacionales de la\u00a0Canciller\u00eda, Andr\u00e9s Rebolledo, y el presidente de ProMendoza, Gabriel Fidel. El acuerdo permitir\u00e1\u00a0llegar a terceros mercados a trav\u00e9s de los tratados de libre comercio que Chile mantiene con otros pa\u00edses.","protected":false},"author":3,"featured_media":63344,"comment_status":"open","ping_status":"open","sticky":false,"template":"","format":"standard","meta":[],"categories":[19],"tags":[],"_links":{"self":[{"href":"https:\/\/www.mendoza.gov.ar\/prensa\/wp-json\/wp\/v2\/posts\/63343"}],"collection":[{"href":"https:\/\/www.mendoza.gov.ar\/prensa\/wp-json\/wp\/v2\/posts"}],"about":[{"href":"https:\/\/www.mendoza.gov.ar\/prensa\/wp-json\/wp\/v2\/types\/post"}],"author":[{"embeddable":true,"href":"https:\/\/www.mendoza.gov.ar\/prensa\/wp-json\/wp\/v2\/users\/3"}],"replies":[{"embeddable":true,"href":"https:\/\/www.mendoza.gov.ar\/prensa\/wp-json\/wp\/v2\/comments?post=63343"}],"version-history":[{"count":0,"href":"https:\/\/www.mendoza.gov.ar\/prensa\/wp-json\/wp\/v2\/posts\/63343\/revisions"}],"wp:featuredmedia":[{"embeddable":true,"href":"https:\/\/www.mendoza.gov.ar\/prensa\/wp-json\/wp\/v2\/media\/63344"}],"wp:attachment":[{"href":"https:\/\/www.mendoza.gov.ar\/prensa\/wp-json\/wp\/v2\/media?parent=63343"}],"wp:term":[{"taxonomy":"category","embeddable":true,"href":"https:\/\/www.mendoza.gov.ar\/prensa\/wp-json\/wp\/v2\/categories?post=63343"},{"taxonomy":"post_tag","embeddable":true,"href":"https:\/\/www.mendoza.gov.ar\/prensa\/wp-json\/wp\/v2\/tags?post=63343"}],"curies":[{"name":"wp","href":"https:\/\/api.w.org\/{rel}","templated":true}]}}