{"id":63748,"date":"2016-08-16T14:34:35","date_gmt":"2016-08-16T17:34:35","guid":{"rendered":"http:\/\/prensa.mendoza.gov.ar\/?p=63748"},"modified":"2016-08-16T14:34:35","modified_gmt":"2016-08-16T17:34:35","slug":"cornejo-este-es-el-compromiso-de-mejorar-mendoza","status":"publish","type":"post","link":"https:\/\/www.mendoza.gov.ar\/prensa\/cornejo-este-es-el-compromiso-de-mejorar-mendoza\/","title":{"rendered":"Cornejo: &quot;Este es el compromiso de mejorar Mendoza&quot;"},"content":{"rendered":"<!DOCTYPE html PUBLIC \"-\/\/W3C\/\/DTD HTML 4.0 Transitional\/\/EN\" \"http:\/\/www.w3.org\/TR\/REC-html40\/loose.dtd\">\n<html><body><p>El Gobernador Alfredo Cornejo particip&oacute; en el lanzamiento del programa &ldquo;Pintando Mendoza&rdquo;,&nbsp;que se realiz&oacute; en el centro integrador comunitario (CIC) del barrio Jorge Newbery de El Algarrobal. El mandatario asegur&oacute;: &ldquo;Este es el compromiso de mejorar Mendoza, mejorar nuestro barrio y mejorar nuestras casas. Este es el puntapi&eacute; inicial de un plan nacional que comienza en&nbsp;nuestra provincia&rdquo;.<\/p>\n<p>&ldquo;Este programa nacional, que se est&aacute; lanzando en Mendoza tiene la mirada puesta en la vida cotidiana, la vida del barrio, el d&iacute;a a d&iacute;a&rdquo;, afirm&oacute; Cornejo, y explic&oacute;: &ldquo;Es importante el embellecimiento del barrio, puesto que mejora el entorno y la capacidad de las personas. Vivir en un barrio cuyos frentes est&aacute;n trabajados por su propia gente embellece y dignifica&rdquo;.<\/p>\n<p>Finalmente puntualiz&oacute;: &ldquo;Nosotros les brindamos las herramientas para que creen y se desarrollen tanto individual como colectivamente&rdquo;.<\/p>\n<p>Acompa&ntilde;aron al Gobernador el intendente Daniel Orozco; el presidente del IPV, Dami&aacute;n Salomon, y la subsecretaria de Desarrollo Humano y H&aacute;bitat de la Naci&oacute;n, Marina&nbsp; Klemensiewicz.<\/p>\n<p>La iniciativa consiste en que los propios vecinos mejoren las fachadas de sus viviendas. Esta actividad se realiza en los barrios intervenidos por el Promeba e incluye la pintura de todas las &aacute;reas, tanto viviendas como sectores de uso p&uacute;blico, los materiales de construcci&oacute;n y la pintura, y los propietarios, miembros de uniones vecinales y asociaciones de la zona aportan la mano de obra.<\/p>\n<p>La subsecretaria Klemensiewicz explic&oacute;: &ldquo;Hemos lanzado con el Gobernador y el ministro del Interior, Rogelio Frigerio, hace menos de un mes el plan nacional h&aacute;bitat de Mendoza que contar&aacute; con una inversi&oacute;n de 800 millones y esperamos firmar pr&oacute;ximos convenios para obras y proyectos que impacten en lugares m&aacute;s vulnerables&rdquo;.<\/p>\n<p>&ldquo;El desaf&iacute;o es grande pero Mendoza es una de las provincias que est&aacute; m&aacute;s avanzada en t&eacute;rminos del plan nacional con estas firmas que hemos realizado&rdquo;, continu&oacute; la funcionaria, y afirm&oacute;: &ldquo;Tenemos el mandato del Presidente de llegar a los lugares de mayor vulnerabilidad con obras de agua, cloacas, de mejoramiento de espacio p&uacute;blico, equipamiento comunitario, centros de salud o cualquier espacio p&uacute;blico que la comunidad est&eacute; necesitando o colaborar con el mejoramiento de las viviendas. Ya tenemos firmado convenios de $900 millones y el mes que viene vamos a firmar nuevos convenios. Vamos a llegar a invertir m&aacute;s de $1.600 millones para este a&ntilde;o&rdquo;.<\/p>\n<p>Al respecto, el intendente Orozco explic&oacute;: &ldquo;Estamos trabajando con la comunidad, trabajando con uniones vecinales, con las asociaciones y con los mismos propietarios. Hoy empezamos a trabajar primero sobre 36 casas y posteriormente con las 100 restantes&rdquo;.<\/p>\n<p>&ldquo;Barrio digno significa que tiene que tener todas las comodidades, la infraestructura b&aacute;sica como agua, cloacas, cord&oacute;n, cunetas y banquina. Estamos haciendo el adoquinado en primer lugar alrededor del CIC&nbsp; y posteriormente nos vamos a extender a todo el barrio&rdquo;, asegur&oacute; el funcionario municipal.<\/p>\n<p>Los fondos proceden de la subsecretaria de H&aacute;bitat, son recursos del Tesoro Nacional y est&aacute; previsto que este plan contin&uacute;e con el barrio Alto Portal de El Algarrobal y los diferentes sectores que han sido modificados por Promeba, para luego alcanzar los barrios que tienen &iacute;ndices altos de necesidades insatisfechas.<\/p>\n<\/body><\/html>\n","protected":false},"excerpt":{"rendered":"As\u00ed lo asegur\u00f3 el Gobernador durante la presentaci\u00f3n del programa nacional &#8220;Mendoza Pintando&#8221;, en el barrio Jorge Newbery de El Algarrobal, Las Heras. Tambi\u00e9n participaron el intendente  del departamento, el presidente del IPV y la subsecretaria de Desarrollo Humano y H\u00e1bitat de la Naci\u00f3n.","protected":false},"author":3,"featured_media":63768,"comment_status":"open","ping_status":"open","sticky":false,"template":"","format":"standard","meta":[],"categories":[19],"tags":[],"_links":{"self":[{"href":"https:\/\/www.mendoza.gov.ar\/prensa\/wp-json\/wp\/v2\/posts\/63748"}],"collection":[{"href":"https:\/\/www.mendoza.gov.ar\/prensa\/wp-json\/wp\/v2\/posts"}],"about":[{"href":"https:\/\/www.mendoza.gov.ar\/prensa\/wp-json\/wp\/v2\/types\/post"}],"author":[{"embeddable":true,"href":"https:\/\/www.mendoza.gov.ar\/prensa\/wp-json\/wp\/v2\/users\/3"}],"replies":[{"embeddable":true,"href":"https:\/\/www.mendoza.gov.ar\/prensa\/wp-json\/wp\/v2\/comments?post=63748"}],"version-history":[{"count":0,"href":"https:\/\/www.mendoza.gov.ar\/prensa\/wp-json\/wp\/v2\/posts\/63748\/revisions"}],"wp:featuredmedia":[{"embeddable":true,"href":"https:\/\/www.mendoza.gov.ar\/prensa\/wp-json\/wp\/v2\/media\/63768"}],"wp:attachment":[{"href":"https:\/\/www.mendoza.gov.ar\/prensa\/wp-json\/wp\/v2\/media?parent=63748"}],"wp:term":[{"taxonomy":"category","embeddable":true,"href":"https:\/\/www.mendoza.gov.ar\/prensa\/wp-json\/wp\/v2\/categories?post=63748"},{"taxonomy":"post_tag","embeddable":true,"href":"https:\/\/www.mendoza.gov.ar\/prensa\/wp-json\/wp\/v2\/tags?post=63748"}],"curies":[{"name":"wp","href":"https:\/\/api.w.org\/{rel}","templated":true}]}}